{"id":6712,"date":"2018-11-23T14:07:24","date_gmt":"2018-11-23T19:07:24","guid":{"rendered":"https:\/\/se.csbe.qc.ca\/universsocial\/?p=6712"},"modified":"2018-11-23T14:07:24","modified_gmt":"2018-11-23T19:07:24","slug":"webinaire-du-recitus-la-realite-virtuelle-en-classe","status":"publish","type":"post","link":"https:\/\/se.csbe.qc.ca\/universsocial\/2018\/11\/23\/webinaire-du-recitus-la-realite-virtuelle-en-classe\/","title":{"rendered":"Webinaire du R\u00e9citus &#8211; La r\u00e9alit\u00e9 virtuelle en classe"},"content":{"rendered":"<div class=\"page-restrict-output\"><p>Merci au Service national du R\u00c9CIT de l&rsquo;univers social pour cet int\u00e9ressant webinaire sur la r\u00e9alit\u00e9 virtuelle!<\/p>\n<div class=\"embed-container\"><iframe loading=\"lazy\" title=\"La re\u0301alite\u0301 virtuelle en classe\" width=\"652\" height=\"367\" src=\"https:\/\/www.youtube.com\/embed\/8kNihu6qMs8?feature=oembed\" frameborder=\"0\" allow=\"accelerometer; autoplay; clipboard-write; encrypted-media; gyroscope; picture-in-picture; web-share\" referrerpolicy=\"strict-origin-when-cross-origin\" allowfullscreen><\/iframe><\/div>\n<p>Venez observer en direct l\u2019exp\u00e9rience de la r\u00e9alit\u00e9 virtuelle dans une classe du secondaire et discutez avec l\u2019enseignante. L\u2019atelier pr\u00e9sente \u00e9galement des pistes d\u2019exploitation de la r\u00e9alit\u00e9 virtuelle au primaire et au secondaire. Nous proposons des exemples d\u2019activit\u00e9s et une entrevue avec le professeur Normand Roy de l\u2019Universit\u00e9 de Montr\u00e9al. D\u00e9couvrez comment la r\u00e9alit\u00e9 virtuelle peut devenir un outil d\u2019apprentissage. Webinaire r\u00e9alis\u00e9 avec la collaboration de Steve Quirion, Maude Labont\u00e9, Claudie Vanasse, Alexandre Lanoix, Josiane Deshaies, M\u00e9lissa Bricault, Vicki Morissette, Judith Beaumier-Primeau et Normand Roy. Liens vers le parcours de formations : &#8211; La r\u00e9alit\u00e9 virtuelle en univers social : <a class=\"yt-simple-endpoint style-scope yt-formatted-string\" href=\"https:\/\/www.youtube.com\/redirect?redir_token=hgz2XQApRXOF-cA761PrHfwGt758MTU0MzA4NjMzOUAxNTQyOTk5OTM5&amp;v=8kNihu6qMs8&amp;q=https%3A%2F%2Fcampus.recit.qc.ca%2Fcourse%2Fview.php%3Fid%3D52&amp;event=video_description\" rel=\"nofollow\">https:\/\/campus.recit.qc.ca\/course\/vie&#8230;<\/a> &#8211; Apprendre avec la r\u00e9alit\u00e9 virtuelle : <a class=\"yt-simple-endpoint style-scope yt-formatted-string\" href=\"https:\/\/www.youtube.com\/redirect?redir_token=hgz2XQApRXOF-cA761PrHfwGt758MTU0MzA4NjMzOUAxNTQyOTk5OTM5&amp;v=8kNihu6qMs8&amp;q=https%3A%2F%2Fcampus.recit.qc.ca%2Fcourse%2Fview.php%3Fid%3D106&amp;event=video_description\" rel=\"nofollow\">https:\/\/campus.recit.qc.ca\/course\/vie&#8230;<\/a> &#8211; Cr\u00e9er et appr\u00e9cier en r\u00e9alit\u00e9 virtuelle et augment\u00e9e : <a class=\"yt-simple-endpoint style-scope yt-formatted-string\" href=\"https:\/\/www.youtube.com\/redirect?redir_token=hgz2XQApRXOF-cA761PrHfwGt758MTU0MzA4NjMzOUAxNTQyOTk5OTM5&amp;v=8kNihu6qMs8&amp;q=https%3A%2F%2Fcampus.recit.qc.ca%2Fcourse%2Fview.php%3Fid%3D75&amp;event=video_description\" rel=\"nofollow\">https:\/\/campus.recit.qc.ca\/course\/vie&#8230;<\/a><\/p>\n<\/div>","protected":false},"excerpt":{"rendered":"<div class=\"page-restrict-output\"><p>Merci au Service national du R\u00c9CIT de l&rsquo;univers social pour cet int\u00e9ressant webinaire sur la r\u00e9alit\u00e9 virtuelle! Venez observer en direct l\u2019exp\u00e9rience de la r\u00e9alit\u00e9 virtuelle dans une classe du secondaire et discutez avec l\u2019enseignante. L\u2019atelier pr\u00e9sente \u00e9galement des pistes d\u2019exploitation de la r\u00e9alit\u00e9 virtuelle au primaire et au secondaire. Nous proposons des exemples d\u2019activit\u00e9s &hellip; <\/p>\n<p><a class=\"more-link btn\" href=\"https:\/\/se.csbe.qc.ca\/universsocial\/2018\/11\/23\/webinaire-du-recitus-la-realite-virtuelle-en-classe\/\">Lire la suite<\/a><\/p>\n<\/div>","protected":false},"author":209,"featured_media":0,"comment_status":"open","ping_status":"open","sticky":false,"template":"","format":"standard","meta":{"footnotes":""},"categories":[17],"tags":[],"class_list":["post-6712","post","type-post","status-publish","format-standard","hentry","category-section-des-nouvelles","item-wrap"],"_links":{"self":[{"href":"https:\/\/se.csbe.qc.ca\/universsocial\/wp-json\/wp\/v2\/posts\/6712","targetHints":{"allow":["GET"]}}],"collection":[{"href":"https:\/\/se.csbe.qc.ca\/universsocial\/wp-json\/wp\/v2\/posts"}],"about":[{"href":"https:\/\/se.csbe.qc.ca\/universsocial\/wp-json\/wp\/v2\/types\/post"}],"author":[{"embeddable":true,"href":"https:\/\/se.csbe.qc.ca\/universsocial\/wp-json\/wp\/v2\/users\/209"}],"replies":[{"embeddable":true,"href":"https:\/\/se.csbe.qc.ca\/universsocial\/wp-json\/wp\/v2\/comments?post=6712"}],"version-history":[{"count":1,"href":"https:\/\/se.csbe.qc.ca\/universsocial\/wp-json\/wp\/v2\/posts\/6712\/revisions"}],"predecessor-version":[{"id":6713,"href":"https:\/\/se.csbe.qc.ca\/universsocial\/wp-json\/wp\/v2\/posts\/6712\/revisions\/6713"}],"wp:attachment":[{"href":"https:\/\/se.csbe.qc.ca\/universsocial\/wp-json\/wp\/v2\/media?parent=6712"}],"wp:term":[{"taxonomy":"category","embeddable":true,"href":"https:\/\/se.csbe.qc.ca\/universsocial\/wp-json\/wp\/v2\/categories?post=6712"},{"taxonomy":"post_tag","embeddable":true,"href":"https:\/\/se.csbe.qc.ca\/universsocial\/wp-json\/wp\/v2\/tags?post=6712"}],"curies":[{"name":"wp","href":"https:\/\/api.w.org\/{rel}","templated":true}]}}