{"id":6131,"date":"2017-10-01T09:41:37","date_gmt":"2017-10-01T13:41:37","guid":{"rendered":"https:\/\/se.csbe.qc.ca\/universsocial\/?p=6131"},"modified":"2020-08-11T12:14:48","modified_gmt":"2020-08-11T16:14:48","slug":"le-reseau-in-terre-actif","status":"publish","type":"post","link":"https:\/\/se.csbe.qc.ca\/universsocial\/2017\/10\/01\/le-reseau-in-terre-actif\/","title":{"rendered":"Le r\u00e9seau In-Terre-Actif &#8211;"},"content":{"rendered":"<div class=\"page-restrict-output\"><h1>Un outil d&rsquo;\u00e9ducation et d&rsquo;engagement pour de jeunes citoyens solidaires<\/h1>\n<h2>Une foule de ressources et d&rsquo;activit\u00e9s p\u00e9dagogiques, certaines comprenant m\u00eame un guide, pour animer vos classes sur divers sujets en univers social.<\/h2>\n<h2><a href=\"http:\/\/www.in-terre-actif.com\/\" target=\"_blank\" rel=\"noopener noreferrer\">http:\/\/www.in-terre-actif.com\/<\/a><\/h2>\n<p><a href=\"https:\/\/se.csbe.qc.ca\/universsocial\/files\/2017\/10\/IN-terre-1.png\"><img loading=\"lazy\" decoding=\"async\" class=\"alignnone size-full wp-image-6133\" src=\"https:\/\/se.csbe.qc.ca\/universsocial\/files\/2017\/10\/IN-terre-1.png\" alt=\"\" width=\"474\" height=\"294\" \/><\/a><\/p>\n<p><strong>Exemple d&rsquo;activit\u00e9<\/strong> :<\/p>\n<p><a href=\"https:\/\/se.csbe.qc.ca\/universsocial\/files\/2017\/10\/foret.png\"><img loading=\"lazy\" decoding=\"async\" class=\"alignnone size-full wp-image-6134\" src=\"https:\/\/se.csbe.qc.ca\/universsocial\/files\/2017\/10\/foret.png\" alt=\"\" width=\"668\" height=\"623\" \/><\/a><\/p>\n<p><a href=\"http:\/\/www.in-terre-actif.com\/406\/animation_nos_forets_une_ressource_naturelle_a_proteger\" target=\"_blank\" rel=\"noopener noreferrer\">http:\/\/www.in-terre-actif.com\/406\/animation_nos_forets_une_ressource_naturelle_a_proteger<\/a><\/p>\n<h3><\/h3>\n<\/div>","protected":false},"excerpt":{"rendered":"<div class=\"page-restrict-output\"><p>Un outil d&rsquo;\u00e9ducation et d&rsquo;engagement pour de jeunes citoyens solidaires Une foule de ressources et d&rsquo;activit\u00e9s p\u00e9dagogiques, certaines comprenant m\u00eame un guide, pour animer vos classes sur divers sujets en univers social. http:\/\/www.in-terre-actif.com\/ Exemple d&rsquo;activit\u00e9 : http:\/\/www.in-terre-actif.com\/406\/animation_nos_forets_une_ressource_naturelle_a_proteger<\/p>\n<\/div>","protected":false},"author":209,"featured_media":0,"comment_status":"closed","ping_status":"closed","sticky":false,"template":"","format":"standard","meta":{"footnotes":""},"categories":[17],"tags":[],"class_list":["post-6131","post","type-post","status-publish","format-standard","hentry","category-section-des-nouvelles","item-wrap"],"_links":{"self":[{"href":"https:\/\/se.csbe.qc.ca\/universsocial\/wp-json\/wp\/v2\/posts\/6131","targetHints":{"allow":["GET"]}}],"collection":[{"href":"https:\/\/se.csbe.qc.ca\/universsocial\/wp-json\/wp\/v2\/posts"}],"about":[{"href":"https:\/\/se.csbe.qc.ca\/universsocial\/wp-json\/wp\/v2\/types\/post"}],"author":[{"embeddable":true,"href":"https:\/\/se.csbe.qc.ca\/universsocial\/wp-json\/wp\/v2\/users\/209"}],"replies":[{"embeddable":true,"href":"https:\/\/se.csbe.qc.ca\/universsocial\/wp-json\/wp\/v2\/comments?post=6131"}],"version-history":[{"count":3,"href":"https:\/\/se.csbe.qc.ca\/universsocial\/wp-json\/wp\/v2\/posts\/6131\/revisions"}],"predecessor-version":[{"id":7015,"href":"https:\/\/se.csbe.qc.ca\/universsocial\/wp-json\/wp\/v2\/posts\/6131\/revisions\/7015"}],"wp:attachment":[{"href":"https:\/\/se.csbe.qc.ca\/universsocial\/wp-json\/wp\/v2\/media?parent=6131"}],"wp:term":[{"taxonomy":"category","embeddable":true,"href":"https:\/\/se.csbe.qc.ca\/universsocial\/wp-json\/wp\/v2\/categories?post=6131"},{"taxonomy":"post_tag","embeddable":true,"href":"https:\/\/se.csbe.qc.ca\/universsocial\/wp-json\/wp\/v2\/tags?post=6131"}],"curies":[{"name":"wp","href":"https:\/\/api.w.org\/{rel}","templated":true}]}}