{"id":5311,"date":"2017-01-25T14:43:21","date_gmt":"2017-01-25T19:43:21","guid":{"rendered":"https:\/\/se.csbe.qc.ca\/universsocial\/?p=5311"},"modified":"2017-01-25T14:45:40","modified_gmt":"2017-01-25T19:45:40","slug":"il-etait-une-fois-a-quebec","status":"publish","type":"post","link":"https:\/\/se.csbe.qc.ca\/universsocial\/2017\/01\/25\/il-etait-une-fois-a-quebec\/","title":{"rendered":"Il \u00e9tait une fois \u00e0 Qu\u00e9bec &#8211;"},"content":{"rendered":"<div class=\"page-restrict-output\"><h4><strong>Histoire, 4e secondaire<\/strong><\/h4>\n<h4>Excellente s\u00e9rie\u00a0historique qu\u00e9b\u00e9coise portant sur la fin du 19e si\u00e8cle et le d\u00e9but du 20e. \u00a0Plusieurs \u00e9v\u00e9nements historiques y sont pr\u00e9sent\u00e9s \u00e0 travers une trame narrative bien ficel\u00e9e.<\/h4>\n<p>&nbsp;<\/p>\n<h1>Il \u00e9tait une fois \u00e0 Qu\u00e9bec (Tome 1) &#8211; D&rsquo;un si\u00e8cle \u00e0 l&rsquo;autre<\/h1>\n<p><img loading=\"lazy\" decoding=\"async\" class=\"alignnone wp-image-5312\" src=\"https:\/\/se.csbe.qc.ca\/universsocial\/files\/2017\/01\/r_2419.jpg\" alt=\"\" width=\"111\" height=\"167\" \/><\/p>\n<p><a href=\"http:\/\/www.editionshurtubise.com\/catalogue\/2419.html\" target=\"_blank\">http:\/\/www.editionshurtubise.com\/catalogue\/2419.html<\/a><\/p>\n<p>\u00c0 Saint-Roch, quartier populaire de Qu\u00e9bec, le hasard fait un jour se rencontrer Ovila Joyal, un journaliste au Soleil, et Hubert B\u00e9dard, un bossu sonneur de cloches. Tout devrait les s\u00e9parer et pourtant\u2026 L\u2019amour d\u2019Ovila pour Marjolaine, la soeur d\u2019Hubert, r\u00e9unira ces deux destins.<\/p>\n<p>Gr\u00e2ce au journal intime d\u2019Hubert, nous d\u00e9couvrons l\u2019histoire de la famille B\u00e9dard, pendant que celui d\u2019Ovila nous r\u00e9v\u00e8le les \u00e9v\u00e9nements marquants de l\u2019histoire de Qu\u00e9bec \u2013 la petite et la grande.<\/p>\n<p>Deux \u00e9poques sont camp\u00e9es dans ce r\u00e9cit \u00e0 deux voix : la fin du 19e si\u00e8cle et le d\u00e9but du 20e, la fin d\u2019un monde et le d\u00e9but d\u2019un autre. Mais il s\u2019agit aussi du portrait de deux classes sociales, les mieux nantis et les plus pauvres, les intellectuels et les ouvriers.<\/p>\n<p>Par ce tableau vivant, Michel Langlois, avec sa verve proverbiale, nous plonge dans le quotidien de cette \u00e9poque r\u00e9volue. Il nous pr\u00e9sente des personnages hauts en couleur et attachants dont les existences \u00e9voluent au gr\u00e9 des drames et des bonheurs qui tissent leur vie, dans la mouvance du si\u00e8cle qui s\u2019ouvre devant eux, pour le meilleur et pour le pire\u2026<\/p>\n<h1>Il \u00e9tait une fois \u00e0 Qu\u00e9bec (Tome 2) &#8211; Au gr\u00e9 du temps<\/h1>\n<p><img loading=\"lazy\" decoding=\"async\" class=\"alignnone wp-image-5313\" src=\"https:\/\/se.csbe.qc.ca\/universsocial\/files\/2017\/01\/r_2439.jpg\" alt=\"\" width=\"136\" height=\"204\" \/><\/p>\n<p><a href=\"http:\/\/www.editionshurtubise.com\/catalogue\/2439.html\" target=\"_blank\">http:\/\/www.editionshurtubise.com\/catalogue\/2439.html<\/a><\/p>\n<p>Nous voici de nouveau au coeur de Qu\u00e9bec, o\u00f9 nous retrouvons la famille B\u00e9dard au lendemain de la Premi\u00e8re Guerre mondiale. Nos deux h\u00e9ros, Ovila le journaliste et Hubert le bossu sonneur de cloches, continuent \u00e0 relater tour \u00e0 tour, dans leur journal personnel respectif, un quotidien riche en p\u00e9rip\u00e9ties de toutes sortes.<\/p>\n<p>En cette premi\u00e8re moiti\u00e9 du vingti\u00e8me si\u00e8cle, les sujets \u00e0 la mode d\u00e9cha\u00eenent les passions : le f\u00e9minisme, bien s\u00fbr, avec le droit de vote des femmes \u00e0 la cl\u00e9, mais aussi la reconnaissance de l\u2019homosexualit\u00e9, l\u2019\u00e9mancipation des diktats de la religion, les innovations techniques et, en toile de fond, le spectre de la Deuxi\u00e8me Guerre mondiale qui \u00e9tend son ombre mena\u00e7ante jusque sur la Vieille Capitale.<\/p>\n<p>On suivra avec int\u00e9r\u00eat la lutte de Cl\u00e9mence pour \u00eatre reconnue comme m\u00e9decin \u00e0 part enti\u00e8re dans une soci\u00e9t\u00e9 encore totalement patriarcale ainsi que celle de L\u00e9onard, intern\u00e9 \u00e0 l\u2019asile d\u2019ali\u00e9n\u00e9s en raison de ses moeurs dites \u00ab contre-nature \u00bb\u2026<\/p>\n<p>Malgr\u00e9 les mis\u00e8res et les incertitudes, la maladie et les revers de fortune, l\u2019amour qui unit les B\u00e9dard triomphe une fois encore de toutes les vicissitudes. Un tableau vivant de la grande et petite histoire de la ville de Qu\u00e9bec, \u00e0 travers le r\u00e9cit intimiste d\u2019une famille attachante et color\u00e9e.<\/p>\n<p>&nbsp;<\/p>\n<\/div>","protected":false},"excerpt":{"rendered":"<div class=\"page-restrict-output\"><p>Histoire, 4e secondaire Excellente s\u00e9rie\u00a0historique qu\u00e9b\u00e9coise portant sur la fin du 19e si\u00e8cle et le d\u00e9but du 20e. \u00a0Plusieurs \u00e9v\u00e9nements historiques y sont pr\u00e9sent\u00e9s \u00e0 travers une trame narrative bien ficel\u00e9e. &nbsp; Il \u00e9tait une fois \u00e0 Qu\u00e9bec (Tome 1) &#8211; D&rsquo;un si\u00e8cle \u00e0 l&rsquo;autre http:\/\/www.editionshurtubise.com\/catalogue\/2419.html \u00c0 Saint-Roch, quartier populaire de Qu\u00e9bec, le hasard fait &hellip; <\/p>\n<p><a class=\"more-link btn\" href=\"https:\/\/se.csbe.qc.ca\/universsocial\/2017\/01\/25\/il-etait-une-fois-a-quebec\/\">Lire la suite<\/a><\/p>\n<\/div>","protected":false},"author":209,"featured_media":0,"comment_status":"open","ping_status":"open","sticky":false,"template":"","format":"standard","meta":{"footnotes":""},"categories":[17],"tags":[],"class_list":["post-5311","post","type-post","status-publish","format-standard","hentry","category-section-des-nouvelles","item-wrap"],"_links":{"self":[{"href":"https:\/\/se.csbe.qc.ca\/universsocial\/wp-json\/wp\/v2\/posts\/5311","targetHints":{"allow":["GET"]}}],"collection":[{"href":"https:\/\/se.csbe.qc.ca\/universsocial\/wp-json\/wp\/v2\/posts"}],"about":[{"href":"https:\/\/se.csbe.qc.ca\/universsocial\/wp-json\/wp\/v2\/types\/post"}],"author":[{"embeddable":true,"href":"https:\/\/se.csbe.qc.ca\/universsocial\/wp-json\/wp\/v2\/users\/209"}],"replies":[{"embeddable":true,"href":"https:\/\/se.csbe.qc.ca\/universsocial\/wp-json\/wp\/v2\/comments?post=5311"}],"version-history":[{"count":2,"href":"https:\/\/se.csbe.qc.ca\/universsocial\/wp-json\/wp\/v2\/posts\/5311\/revisions"}],"predecessor-version":[{"id":5315,"href":"https:\/\/se.csbe.qc.ca\/universsocial\/wp-json\/wp\/v2\/posts\/5311\/revisions\/5315"}],"wp:attachment":[{"href":"https:\/\/se.csbe.qc.ca\/universsocial\/wp-json\/wp\/v2\/media?parent=5311"}],"wp:term":[{"taxonomy":"category","embeddable":true,"href":"https:\/\/se.csbe.qc.ca\/universsocial\/wp-json\/wp\/v2\/categories?post=5311"},{"taxonomy":"post_tag","embeddable":true,"href":"https:\/\/se.csbe.qc.ca\/universsocial\/wp-json\/wp\/v2\/tags?post=5311"}],"curies":[{"name":"wp","href":"https:\/\/api.w.org\/{rel}","templated":true}]}}