{"id":5175,"date":"2016-12-23T11:28:21","date_gmt":"2016-12-23T16:28:21","guid":{"rendered":"https:\/\/se.csbe.qc.ca\/universsocial\/?p=5175"},"modified":"2020-03-15T22:43:44","modified_gmt":"2020-03-16T02:43:44","slug":"delocalisation-a-lenvers-un-patron-chinois-denonce-le-cout-du-travail-en-chine","status":"publish","type":"post","link":"https:\/\/se.csbe.qc.ca\/universsocial\/2016\/12\/23\/delocalisation-a-lenvers-un-patron-chinois-denonce-le-cout-du-travail-en-chine\/","title":{"rendered":"D\u00e9localisation \u00e0 l&rsquo;envers: un patron chinois d\u00e9nonce le co\u00fbt du travail en Chine"},"content":{"rendered":"<div class=\"page-restrict-output\"><div class=\"filariane article\">\n<p><strong>Publi\u00e9 le 22 d\u00e9cembre 2016 \u00e0 07h35<\/strong> <span class=\"quiet\">|<\/span> Mis \u00e0 jour le 22 d\u00e9cembre 2016 \u00e0 07h35<\/p>\n<\/div>\n<div class=\"block-page Bpad\">\n<div class=\"rail-left\">\n<div class=\"articleStandard\">\n<div class=\"article-page\">\n<div class=\"article-header\">\n<h3><a href=\"http:\/\/auto.lapresse.ca\/actualites\/201612\/22\/01-5053753-delocalisation-a-lenvers-un-patron-chinois-denonce-le-cout-du-travail-en-chine.php\">http:\/\/auto.lapresse.ca\/actualites\/201612\/22\/01-5053753-delocalisation-a-lenvers-un-patron-chinois-denonce-le-cout-du-travail-en-chine.php<\/a><\/h3>\n<\/div>\n<\/div>\n<\/div>\n<\/div>\n<\/div>\n<\/div>","protected":false},"excerpt":{"rendered":"<div class=\"page-restrict-output\"><p>Publi\u00e9 le 22 d\u00e9cembre 2016 \u00e0 07h35 | Mis \u00e0 jour le 22 d\u00e9cembre 2016 \u00e0 07h35 http:\/\/auto.lapresse.ca\/actualites\/201612\/22\/01-5053753-delocalisation-a-lenvers-un-patron-chinois-denonce-le-cout-du-travail-en-chine.php<\/p>\n<\/div>","protected":false},"author":209,"featured_media":0,"comment_status":"closed","ping_status":"closed","sticky":false,"template":"","format":"standard","meta":{"footnotes":""},"categories":[17],"tags":[],"class_list":["post-5175","post","type-post","status-publish","format-standard","hentry","category-section-des-nouvelles","item-wrap"],"_links":{"self":[{"href":"https:\/\/se.csbe.qc.ca\/universsocial\/wp-json\/wp\/v2\/posts\/5175","targetHints":{"allow":["GET"]}}],"collection":[{"href":"https:\/\/se.csbe.qc.ca\/universsocial\/wp-json\/wp\/v2\/posts"}],"about":[{"href":"https:\/\/se.csbe.qc.ca\/universsocial\/wp-json\/wp\/v2\/types\/post"}],"author":[{"embeddable":true,"href":"https:\/\/se.csbe.qc.ca\/universsocial\/wp-json\/wp\/v2\/users\/209"}],"replies":[{"embeddable":true,"href":"https:\/\/se.csbe.qc.ca\/universsocial\/wp-json\/wp\/v2\/comments?post=5175"}],"version-history":[{"count":1,"href":"https:\/\/se.csbe.qc.ca\/universsocial\/wp-json\/wp\/v2\/posts\/5175\/revisions"}],"predecessor-version":[{"id":5176,"href":"https:\/\/se.csbe.qc.ca\/universsocial\/wp-json\/wp\/v2\/posts\/5175\/revisions\/5176"}],"wp:attachment":[{"href":"https:\/\/se.csbe.qc.ca\/universsocial\/wp-json\/wp\/v2\/media?parent=5175"}],"wp:term":[{"taxonomy":"category","embeddable":true,"href":"https:\/\/se.csbe.qc.ca\/universsocial\/wp-json\/wp\/v2\/categories?post=5175"},{"taxonomy":"post_tag","embeddable":true,"href":"https:\/\/se.csbe.qc.ca\/universsocial\/wp-json\/wp\/v2\/tags?post=5175"}],"curies":[{"name":"wp","href":"https:\/\/api.w.org\/{rel}","templated":true}]}}