{"id":4922,"date":"2016-07-20T11:01:06","date_gmt":"2016-07-20T15:01:06","guid":{"rendered":"https:\/\/se.csbe.qc.ca\/universsocial\/?p=4922"},"modified":"2016-08-17T13:55:27","modified_gmt":"2016-08-17T17:55:27","slug":"chefs-doeuvre-dapprentis","status":"publish","type":"post","link":"https:\/\/se.csbe.qc.ca\/universsocial\/2016\/07\/20\/chefs-doeuvre-dapprentis\/","title":{"rendered":"Chefs d&rsquo;oeuvre d&rsquo;apprentis"},"content":{"rendered":"<div class=\"page-restrict-output\"><h3 style=\"text-align: left;\">Le 28 juin dernier, j&rsquo;ai eu l&rsquo;occasion d&rsquo;assister au vernissage de l&rsquo;exposition <em>Chefs d&rsquo;oeuvre d&rsquo;apprentis<\/em> au Mus\u00e9e des Plaines d&rsquo;Abraham <span style=\"font-family: Arial, Helvetica, sans-serif;\"><span lang=\"fr-CA\">sous la pr\u00e9sidence d<\/span><\/span><span style=\"font-family: Arial, Helvetica, sans-serif;\"><span lang=\"fr-CA\">\u2019<\/span><\/span><span style=\"font-family: Arial, Helvetica, sans-serif;\"><span lang=\"fr-CA\">honneur de <\/span><\/span><span style=\"font-family: Arial, Helvetica, sans-serif;\"><span lang=\"fr-CA\">Monsieur S\u00e9bastien Girard, <\/span><\/span><span style=\"font-family: Arial, Helvetica, sans-serif;\"><span lang=\"fr-CA\">Consul g\u00e9n\u00e9ral adjoint au Consulat g\u00e9n\u00e9ral de France \u00e0 Qu\u00e9bec.<\/span><\/span>\u00a0 Cette exposition pr\u00e9sente des reproductions d&rsquo;objets historiques de l&rsquo;\u00e9poque de la Nouvelle-France cr\u00e9\u00e9es par des \u00e9l\u00e8ves du secondaire. De vrais petits bijoux!<\/h3>\n<h3 style=\"text-align: left;\">Il s\u2019agit de la huiti\u00e8me \u00e9dition de cette activit\u00e9, qui a pris naissance \u00e0 la CSBE. Les deux instigateurs sont MM. Christian et Jean-Pierre Lagueux, qui sont respectivement enseignants \u00e0 la polyvalente B\u00e9langer et \u00e0 la polyvalente de Saint-Georges.<\/h3>\n<h3 style=\"text-align: center;\">Bravo Messieurs Lagueux pour ce superbe projet que vous r\u00e9p\u00e9tez d&rsquo;ann\u00e9e en ann\u00e9e!<\/h3>\n<h1 style=\"text-align: center;\"><strong>L&rsquo;exposition est gratuite et est pr\u00e9sent\u00e9e au Mus\u00e9e des Plaines d&rsquo;Abraham\u00a0tous les jours, de 8h30 \u00e0 17h30.\u00a0<\/strong><\/h1>\n<h3 style=\"text-align: center;\">Cliquez sur\u00a0<a href=\"https:\/\/se.csbe.qc.ca\/universsocial\/files\/2016\/07\/Communiqu\u00e9-de-presse-Chefs-doeuvre.pdf\">Communiqu\u00e9 de presse &#8211; Chefs d&rsquo;oeuvre<\/a>.<\/h3>\n<p><img loading=\"lazy\" decoding=\"async\" class=\"alignnone size-medium wp-image-4927\" src=\"https:\/\/se.csbe.qc.ca\/universsocial\/files\/2016\/07\/IMG_4565-700x467.jpg\" alt=\"IMG_4565\" width=\"700\" height=\"467\" srcset=\"https:\/\/se.csbe.qc.ca\/universsocial\/files\/2016\/07\/IMG_4565-700x467.jpg 700w, https:\/\/se.csbe.qc.ca\/universsocial\/files\/2016\/07\/IMG_4565-768x512.jpg 768w, https:\/\/se.csbe.qc.ca\/universsocial\/files\/2016\/07\/IMG_4565-1024x683.jpg 1024w\" sizes=\"auto, (max-width: 700px) 100vw, 700px\" \/><\/p>\n<p><img loading=\"lazy\" decoding=\"async\" class=\"alignnone size-medium wp-image-4925\" src=\"https:\/\/se.csbe.qc.ca\/universsocial\/files\/2016\/07\/IMG_4540-700x467.jpg\" alt=\"IMG_4540\" width=\"700\" height=\"467\" srcset=\"https:\/\/se.csbe.qc.ca\/universsocial\/files\/2016\/07\/IMG_4540-700x467.jpg 700w, https:\/\/se.csbe.qc.ca\/universsocial\/files\/2016\/07\/IMG_4540-768x512.jpg 768w, https:\/\/se.csbe.qc.ca\/universsocial\/files\/2016\/07\/IMG_4540-1024x683.jpg 1024w\" sizes=\"auto, (max-width: 700px) 100vw, 700px\" \/><\/p>\n<p><img loading=\"lazy\" decoding=\"async\" class=\"alignnone size-medium wp-image-4928\" src=\"https:\/\/se.csbe.qc.ca\/universsocial\/files\/2016\/07\/IMG_4581-700x467.jpg\" alt=\"IMG_4581\" width=\"700\" height=\"467\" srcset=\"https:\/\/se.csbe.qc.ca\/universsocial\/files\/2016\/07\/IMG_4581-700x467.jpg 700w, https:\/\/se.csbe.qc.ca\/universsocial\/files\/2016\/07\/IMG_4581-768x512.jpg 768w, https:\/\/se.csbe.qc.ca\/universsocial\/files\/2016\/07\/IMG_4581-1024x683.jpg 1024w\" sizes=\"auto, (max-width: 700px) 100vw, 700px\" \/> <img loading=\"lazy\" decoding=\"async\" class=\"alignnone size-medium wp-image-4926\" src=\"https:\/\/se.csbe.qc.ca\/universsocial\/files\/2016\/07\/IMG_4550-467x700.jpg\" alt=\"IMG_4550\" width=\"467\" height=\"700\" srcset=\"https:\/\/se.csbe.qc.ca\/universsocial\/files\/2016\/07\/IMG_4550-467x700.jpg 467w, https:\/\/se.csbe.qc.ca\/universsocial\/files\/2016\/07\/IMG_4550-768x1152.jpg 768w, https:\/\/se.csbe.qc.ca\/universsocial\/files\/2016\/07\/IMG_4550-683x1024.jpg 683w\" sizes=\"auto, (max-width: 467px) 100vw, 467px\" \/><img loading=\"lazy\" decoding=\"async\" class=\"alignnone size-medium wp-image-4929\" src=\"https:\/\/se.csbe.qc.ca\/universsocial\/files\/2016\/07\/IMG_4594-1-467x700.jpg\" alt=\"IMG_4594 (1)\" width=\"467\" height=\"700\" srcset=\"https:\/\/se.csbe.qc.ca\/universsocial\/files\/2016\/07\/IMG_4594-1-467x700.jpg 467w, https:\/\/se.csbe.qc.ca\/universsocial\/files\/2016\/07\/IMG_4594-1-768x1152.jpg 768w, https:\/\/se.csbe.qc.ca\/universsocial\/files\/2016\/07\/IMG_4594-1-683x1024.jpg 683w\" sizes=\"auto, (max-width: 467px) 100vw, 467px\" \/><\/p>\n<!-- WP Attachments -->\r\n        <div style=\"width:100%;margin:10px 0 10px 0;\">\r\n            <h3>Attachments<\/h3>\r\n        <ul class=\"post-attachments\"><li class=\"post-attachment mime-application-pdf\"><a href=\"https:\/\/se.csbe.qc.ca\/universsocial\/files\/2016\/07\/Chefsdoeuvre-1.pdf\">Chefsdoeuvre (1)<\/a> <small>(2 MB)<\/small><\/li><li class=\"post-attachment mime-application-pdf\"><a href=\"https:\/\/se.csbe.qc.ca\/universsocial\/files\/2016\/07\/Communiqu\u00e9-de-presse-Chefs-doeuvre.pdf\">Communiqu\u00e9 de presse - Chefs d'oeuvre<\/a> <small>(2 MB)<\/small><\/li><\/ul><\/div><\/div>","protected":false},"excerpt":{"rendered":"<div class=\"page-restrict-output\"><p>Le 28 juin dernier, j&rsquo;ai eu l&rsquo;occasion d&rsquo;assister au vernissage de l&rsquo;exposition Chefs d&rsquo;oeuvre d&rsquo;apprentis au Mus\u00e9e des Plaines d&rsquo;Abraham sous la pr\u00e9sidence d\u2019honneur de Monsieur S\u00e9bastien Girard, Consul g\u00e9n\u00e9ral adjoint au Consulat g\u00e9n\u00e9ral de France \u00e0 Qu\u00e9bec.\u00a0 Cette exposition pr\u00e9sente des reproductions d&rsquo;objets historiques de l&rsquo;\u00e9poque de la Nouvelle-France cr\u00e9\u00e9es par des \u00e9l\u00e8ves du &hellip; <\/p>\n<p><a class=\"more-link btn\" href=\"https:\/\/se.csbe.qc.ca\/universsocial\/2016\/07\/20\/chefs-doeuvre-dapprentis\/\">Lire la suite<\/a><\/p>\n<\/div>","protected":false},"author":209,"featured_media":0,"comment_status":"open","ping_status":"open","sticky":false,"template":"","format":"standard","meta":{"footnotes":""},"categories":[17],"tags":[],"class_list":["post-4922","post","type-post","status-publish","format-standard","hentry","category-section-des-nouvelles","item-wrap"],"_links":{"self":[{"href":"https:\/\/se.csbe.qc.ca\/universsocial\/wp-json\/wp\/v2\/posts\/4922","targetHints":{"allow":["GET"]}}],"collection":[{"href":"https:\/\/se.csbe.qc.ca\/universsocial\/wp-json\/wp\/v2\/posts"}],"about":[{"href":"https:\/\/se.csbe.qc.ca\/universsocial\/wp-json\/wp\/v2\/types\/post"}],"author":[{"embeddable":true,"href":"https:\/\/se.csbe.qc.ca\/universsocial\/wp-json\/wp\/v2\/users\/209"}],"replies":[{"embeddable":true,"href":"https:\/\/se.csbe.qc.ca\/universsocial\/wp-json\/wp\/v2\/comments?post=4922"}],"version-history":[{"count":3,"href":"https:\/\/se.csbe.qc.ca\/universsocial\/wp-json\/wp\/v2\/posts\/4922\/revisions"}],"predecessor-version":[{"id":4933,"href":"https:\/\/se.csbe.qc.ca\/universsocial\/wp-json\/wp\/v2\/posts\/4922\/revisions\/4933"}],"wp:attachment":[{"href":"https:\/\/se.csbe.qc.ca\/universsocial\/wp-json\/wp\/v2\/media?parent=4922"}],"wp:term":[{"taxonomy":"category","embeddable":true,"href":"https:\/\/se.csbe.qc.ca\/universsocial\/wp-json\/wp\/v2\/categories?post=4922"},{"taxonomy":"post_tag","embeddable":true,"href":"https:\/\/se.csbe.qc.ca\/universsocial\/wp-json\/wp\/v2\/tags?post=4922"}],"curies":[{"name":"wp","href":"https:\/\/api.w.org\/{rel}","templated":true}]}}