{"id":323,"date":"2012-10-30T19:30:52","date_gmt":"2012-10-30T18:30:52","guid":{"rendered":"https:\/\/se.csbe.qc.ca\/universsocial\/?p=323"},"modified":"2012-10-30T19:31:13","modified_gmt":"2012-10-30T18:31:13","slug":"perspectives-editions-grand-duc","status":"publish","type":"post","link":"https:\/\/se.csbe.qc.ca\/universsocial\/2012\/10\/30\/perspectives-editions-grand-duc\/","title":{"rendered":"Perspectives &#8211; \u00c9ditions Grand Duc"},"content":{"rendered":"<div class=\"page-restrict-output\"><h2><span style=\"color: #000000\">Salut!<\/span><\/h2>\n<h2><\/h2>\n<h2><span style=\"color: #000000\">Je viens d&rsquo;avoir une rencontre avec le repr\u00e9sentant des \u00e9ditions Grand Duc, qui est venu me pr\u00e9senter leur mat\u00e9riel&#8230;<\/span><\/h2>\n<h2><\/h2>\n<h2><span style=\"color: #000000\">1) Il n&rsquo;y a rien en g\u00e9ographie chez-eux&#8230; Pourquoi?????<\/span><\/h2>\n<p>&nbsp;<\/p>\n<h2><span style=\"color: #000000\">2) Leur ensemble \u00ab\u00a0Perspectives\u00a0\u00bb est destin\u00e9 aux secondaires 1 \u00e0 4&#8230;<\/span><\/h2>\n<ul>\n<li>\n<h2><em><span style=\"color: #000000\">c&rsquo;est plut\u00f4t bien, sauf que les op\u00e9rations intellectuelles sont celles de 2010&#8230; il va me tenir au courant lorsque ce sera mis \u00e0 jour&#8230;<\/span><\/em><\/h2>\n<div><span style=\"color: #000000\"><br \/>\n<\/span><\/div>\n<\/li>\n<\/ul>\n<h2><span style=\"color: #000000\">3) Il m&rsquo;envoie la derni\u00e8re version d'\u00a0\u00bbImm\u00e9diat\u00a0\u00bb pour monde contemporain&#8230;<\/span><\/h2>\n<h2><\/h2>\n<h2><span style=\"color: #000000\">Bref: \u00e0 suivre!<\/span><\/h2>\n<h2><\/h2>\n<h2><span style=\"color: #000000\">Vincent<\/span><\/h2>\n<\/div>","protected":false},"excerpt":{"rendered":"<div class=\"page-restrict-output\"><p>Salut! Je viens d&rsquo;avoir une rencontre avec le repr\u00e9sentant des \u00e9ditions Grand Duc, qui est venu me pr\u00e9senter leur mat\u00e9riel&#8230; 1) Il n&rsquo;y a rien en g\u00e9ographie chez-eux&#8230; Pourquoi????? &nbsp; 2) Leur ensemble \u00ab\u00a0Perspectives\u00a0\u00bb est destin\u00e9 aux secondaires 1 \u00e0 4&#8230; c&rsquo;est plut\u00f4t bien, sauf que les op\u00e9rations intellectuelles sont celles de 2010&#8230; il va &hellip; <\/p>\n<p><a class=\"more-link btn\" href=\"https:\/\/se.csbe.qc.ca\/universsocial\/2012\/10\/30\/perspectives-editions-grand-duc\/\">Lire la suite<\/a><\/p>\n<\/div>","protected":false},"author":9,"featured_media":0,"comment_status":"open","ping_status":"open","sticky":false,"template":"","format":"standard","meta":{"footnotes":""},"categories":[1,17],"tags":[],"class_list":["post-323","post","type-post","status-publish","format-standard","hentry","category-non-classe","category-section-des-nouvelles","item-wrap"],"_links":{"self":[{"href":"https:\/\/se.csbe.qc.ca\/universsocial\/wp-json\/wp\/v2\/posts\/323","targetHints":{"allow":["GET"]}}],"collection":[{"href":"https:\/\/se.csbe.qc.ca\/universsocial\/wp-json\/wp\/v2\/posts"}],"about":[{"href":"https:\/\/se.csbe.qc.ca\/universsocial\/wp-json\/wp\/v2\/types\/post"}],"author":[{"embeddable":true,"href":"https:\/\/se.csbe.qc.ca\/universsocial\/wp-json\/wp\/v2\/users\/9"}],"replies":[{"embeddable":true,"href":"https:\/\/se.csbe.qc.ca\/universsocial\/wp-json\/wp\/v2\/comments?post=323"}],"version-history":[{"count":2,"href":"https:\/\/se.csbe.qc.ca\/universsocial\/wp-json\/wp\/v2\/posts\/323\/revisions"}],"predecessor-version":[{"id":325,"href":"https:\/\/se.csbe.qc.ca\/universsocial\/wp-json\/wp\/v2\/posts\/323\/revisions\/325"}],"wp:attachment":[{"href":"https:\/\/se.csbe.qc.ca\/universsocial\/wp-json\/wp\/v2\/media?parent=323"}],"wp:term":[{"taxonomy":"category","embeddable":true,"href":"https:\/\/se.csbe.qc.ca\/universsocial\/wp-json\/wp\/v2\/categories?post=323"},{"taxonomy":"post_tag","embeddable":true,"href":"https:\/\/se.csbe.qc.ca\/universsocial\/wp-json\/wp\/v2\/tags?post=323"}],"curies":[{"name":"wp","href":"https:\/\/api.w.org\/{rel}","templated":true}]}}