{"id":1297,"date":"2014-02-12T11:06:17","date_gmt":"2014-02-12T16:06:17","guid":{"rendered":"https:\/\/se.csbe.qc.ca\/psy\/?p=1297"},"modified":"2014-02-12T11:20:39","modified_gmt":"2014-02-12T16:20:39","slug":"1297","status":"publish","type":"post","link":"https:\/\/se.csbe.qc.ca\/psy\/2014\/02\/12\/1297\/","title":{"rendered":"Le trouble de l&rsquo;attention, parlons-en!"},"content":{"rendered":"<div class=\"page-restrict-output\"><blockquote><p><em>Voici un <a href=\"http:\/\/sites.cssmi.qc.ca\/plateau\/spip.php?article145\" target=\"_blank\">vid\u00e9o sur le trouble de l\u2019attention. Deux \u00e9l\u00e8ves, Florence et Rosalie ainsi que leur m\u00e8re, Francine Corbeil, orthop\u00e9dagogue, nous parlent du trouble de l\u2019attention dont elles sont toutes les trois atteintes<\/a>. Du v\u00e9cu et des outils pour aider les jeunes et les enseignants \u00e0 bien comprendre ce trouble et \u00e0 y faire face efficacement.<\/em> (extrait du site internet de l&rsquo;\u00c9cole Plateau-St-Louis).<\/p><\/blockquote>\n<p>&nbsp;<\/p>\n<\/div>","protected":false},"excerpt":{"rendered":"<div class=\"page-restrict-output\"><p>Voici un vid\u00e9o sur le trouble de l\u2019attention. Deux \u00e9l\u00e8ves, Florence et Rosalie ainsi que leur m\u00e8re, Francine Corbeil, orthop\u00e9dagogue, nous parlent du trouble de l\u2019attention dont elles sont toutes les trois atteintes. Du v\u00e9cu et des outils pour aider les jeunes et les enseignants \u00e0 bien comprendre ce trouble et \u00e0 y faire face [&hellip;]<\/p>\n<\/div>","protected":false},"author":210,"featured_media":0,"comment_status":"closed","ping_status":"open","sticky":false,"template":"","format":"standard","meta":{"footnotes":""},"categories":[283,390,311],"tags":[18],"class_list":["post-1297","post","type-post","status-publish","format-standard","hentry","category-actualites","category-tdah-trouble-neurodeveloppementaux-outils-dintervention","category-tdah-troubles-neurodeveloppementaux-sites-dinteret","tag-tdah-trouble-deficitaire-de-lattention-avec-ou-sans-hyperactivite"],"_links":{"self":[{"href":"https:\/\/se.csbe.qc.ca\/psy\/wp-json\/wp\/v2\/posts\/1297","targetHints":{"allow":["GET"]}}],"collection":[{"href":"https:\/\/se.csbe.qc.ca\/psy\/wp-json\/wp\/v2\/posts"}],"about":[{"href":"https:\/\/se.csbe.qc.ca\/psy\/wp-json\/wp\/v2\/types\/post"}],"author":[{"embeddable":true,"href":"https:\/\/se.csbe.qc.ca\/psy\/wp-json\/wp\/v2\/users\/210"}],"replies":[{"embeddable":true,"href":"https:\/\/se.csbe.qc.ca\/psy\/wp-json\/wp\/v2\/comments?post=1297"}],"version-history":[{"count":4,"href":"https:\/\/se.csbe.qc.ca\/psy\/wp-json\/wp\/v2\/posts\/1297\/revisions"}],"predecessor-version":[{"id":1301,"href":"https:\/\/se.csbe.qc.ca\/psy\/wp-json\/wp\/v2\/posts\/1297\/revisions\/1301"}],"wp:attachment":[{"href":"https:\/\/se.csbe.qc.ca\/psy\/wp-json\/wp\/v2\/media?parent=1297"}],"wp:term":[{"taxonomy":"category","embeddable":true,"href":"https:\/\/se.csbe.qc.ca\/psy\/wp-json\/wp\/v2\/categories?post=1297"},{"taxonomy":"post_tag","embeddable":true,"href":"https:\/\/se.csbe.qc.ca\/psy\/wp-json\/wp\/v2\/tags?post=1297"}],"curies":[{"name":"wp","href":"https:\/\/api.w.org\/{rel}","templated":true}]}}