{"id":84,"date":"2018-10-04T08:00:42","date_gmt":"2018-10-04T13:00:42","guid":{"rendered":"https:\/\/se.csbe.qc.ca\/primaire\/?p=84"},"modified":"2018-10-04T08:01:37","modified_gmt":"2018-10-04T13:01:37","slug":"se-5-du-8-octobre-2018","status":"publish","type":"post","link":"https:\/\/se.csbe.qc.ca\/primaire\/2018\/10\/04\/se-5-du-8-octobre-2018\/","title":{"rendered":"SE.5 du 8 octobre 2018"},"content":{"rendered":"<div class=\"page-restrict-output\"><p style=\"text-align: left\"><img loading=\"lazy\" decoding=\"async\" class=\"size-medium wp-image-71 alignleft\" src=\"https:\/\/se.csbe.qc.ca\/primaire\/files\/2018\/09\/office-2829476_1920-300x212.png\" alt=\"\" width=\"300\" height=\"212\" srcset=\"https:\/\/se.csbe.qc.ca\/primaire\/files\/2018\/09\/office-2829476_1920-300x212.png 300w, https:\/\/se.csbe.qc.ca\/primaire\/files\/2018\/09\/office-2829476_1920-768x543.png 768w, https:\/\/se.csbe.qc.ca\/primaire\/files\/2018\/09\/office-2829476_1920-1024x724.png 1024w, https:\/\/se.csbe.qc.ca\/primaire\/files\/2018\/09\/office-2829476_1920.png 1920w\" sizes=\"auto, (max-width: 300px) 100vw, 300px\" \/>1.\u00a0\u00a0<b>Tablette tactique au\u00a0<\/b><b>pr\u00e9scolaire:<\/b><b>\u00a0<\/b>\u00a0le R\u00e9cit national est un incontournable\u00a0<b>:\u00a0<\/b><a href=\"http:\/\/recitpresco.qc.ca\/node\/1035\">http:\/\/recitpresco.qc.ca\/node\/1035<\/a>\u00a0 Une formation pour les enseignants connaissant le maniement de base de la tablette sera offerte le 19 octobre (<a href=\"https:\/\/formations.csbe.qc.ca\/\">https:\/\/formations.csbe.qc.ca<\/a>)<\/p>\n<p style=\"text-align: left\">2. Avec la semaine\u00a0<b>Lis avec moi<\/b>, de belles ressources \u00e9taient\u00a0propos\u00e9es:\u00a0\u00a0<a href=\"http:\/\/carrefour-education.qc.ca\/calendrier\/evenements\/la_semaine_lis_avec_moi\">http:\/\/carrefour-education.qc.ca\/calendrier\/evenements\/la_semaine_lis_avec_moi<\/a><\/p>\n<p style=\"text-align: left\">3. D\u00e9fi\u00a0<b>A<\/b><b>ctive<\/b><b>\u00a0tes\u00a0<\/b><b>pieds<\/b>:\u00a0<a href=\"http:\/\/carrefour-education.qc.ca\/calendrier\/evenements\/defi_active_tes_pieds\">http:\/\/carrefour-education.qc.ca\/calendrier\/evenements\/defi_active_tes_pieds<\/a><\/p>\n<p style=\"text-align: left\">4. Quand la culture se fait\u00a0<b>math\u00e9matique<\/b>, il faut ouvrir\u00a0l\u2019oreille:\u00a0<a href=\"https:\/\/se.csbe.qc.ca\/mathprimaire\/2018\/09\/29\/quand-la-mesure-sinvite-dans-une-chanson\/\">https:\/\/se.csbe.qc.ca\/mathprimaire\/2018\/09\/29\/quand-la-mesure-sinvite-dans-une-chanson\/<\/a><\/p>\n<p>5. Des<b>\u00a0groupes Facebook<\/b>\u00a0anim\u00e9s par des gens de notre\u00a0CS:\u00a0 M\u00e9mo P\u00e9dago, Virus litt\u00e9raire, Cumulus iPad.<\/p>\n<p>&nbsp;<\/p>\n<\/div>","protected":false},"excerpt":{"rendered":"<div class=\"page-restrict-output\"><p>1.\u00a0\u00a0Tablette tactique au\u00a0pr\u00e9scolaire:\u00a0\u00a0le R\u00e9cit national est un incontournable\u00a0:\u00a0http:\/\/recitpresco.qc.ca\/node\/1035\u00a0 Une formation pour les enseignants connaissant le maniement de base de la tablette sera offerte le 19 octobre (https:\/\/formations.csbe.qc.ca) 2. Avec la semaine\u00a0Lis avec moi, de belles ressources \u00e9taient\u00a0propos\u00e9es:\u00a0\u00a0http:\/\/carrefour-education.qc.ca\/calendrier\/evenements\/la_semaine_lis_avec_moi 3. D\u00e9fi\u00a0Active\u00a0tes\u00a0pieds:\u00a0http:\/\/carrefour-education.qc.ca\/calendrier\/evenements\/defi_active_tes_pieds 4. Quand la culture se fait\u00a0math\u00e9matique, il faut ouvrir\u00a0l\u2019oreille:\u00a0https:\/\/se.csbe.qc.ca\/mathprimaire\/2018\/09\/29\/quand-la-mesure-sinvite-dans-une-chanson\/ 5. Des\u00a0groupes Facebook\u00a0anim\u00e9s par des gens de &hellip; <\/p>\n<p><a class=\"more-link btn\" href=\"https:\/\/se.csbe.qc.ca\/primaire\/2018\/10\/04\/se-5-du-8-octobre-2018\/\">Lire la suite<\/a><\/p>\n<\/div>","protected":false},"author":156,"featured_media":0,"comment_status":"closed","ping_status":"closed","sticky":false,"template":"","format":"standard","meta":{"footnotes":""},"categories":[1],"tags":[],"class_list":["post-84","post","type-post","status-publish","format-standard","hentry","category-non-classe","item-wrap"],"_links":{"self":[{"href":"https:\/\/se.csbe.qc.ca\/primaire\/wp-json\/wp\/v2\/posts\/84","targetHints":{"allow":["GET"]}}],"collection":[{"href":"https:\/\/se.csbe.qc.ca\/primaire\/wp-json\/wp\/v2\/posts"}],"about":[{"href":"https:\/\/se.csbe.qc.ca\/primaire\/wp-json\/wp\/v2\/types\/post"}],"author":[{"embeddable":true,"href":"https:\/\/se.csbe.qc.ca\/primaire\/wp-json\/wp\/v2\/users\/156"}],"replies":[{"embeddable":true,"href":"https:\/\/se.csbe.qc.ca\/primaire\/wp-json\/wp\/v2\/comments?post=84"}],"version-history":[{"count":3,"href":"https:\/\/se.csbe.qc.ca\/primaire\/wp-json\/wp\/v2\/posts\/84\/revisions"}],"predecessor-version":[{"id":87,"href":"https:\/\/se.csbe.qc.ca\/primaire\/wp-json\/wp\/v2\/posts\/84\/revisions\/87"}],"wp:attachment":[{"href":"https:\/\/se.csbe.qc.ca\/primaire\/wp-json\/wp\/v2\/media?parent=84"}],"wp:term":[{"taxonomy":"category","embeddable":true,"href":"https:\/\/se.csbe.qc.ca\/primaire\/wp-json\/wp\/v2\/categories?post=84"},{"taxonomy":"post_tag","embeddable":true,"href":"https:\/\/se.csbe.qc.ca\/primaire\/wp-json\/wp\/v2\/tags?post=84"}],"curies":[{"name":"wp","href":"https:\/\/api.w.org\/{rel}","templated":true}]}}