{"id":801,"date":"2022-01-12T10:14:51","date_gmt":"2022-01-12T15:14:51","guid":{"rendered":"https:\/\/se.csbe.qc.ca\/primaire\/?p=801"},"modified":"2022-06-30T08:42:50","modified_gmt":"2022-06-30T13:42:50","slug":"offre-de-formation-du-ministere","status":"publish","type":"post","link":"https:\/\/se.csbe.qc.ca\/primaire\/2022\/01\/12\/offre-de-formation-du-ministere\/","title":{"rendered":"Offres de formation du minist\u00e8re"},"content":{"rendered":"<div class=\"page-restrict-output\">\n<h4><img loading=\"lazy\" decoding=\"async\" class=\"alignnone size-medium wp-image-806\" src=\"https:\/\/se.csbe.qc.ca\/primaire\/files\/2022\/01\/fgj-300x137.jpg\" alt=\"\" width=\"300\" height=\"137\" srcset=\"https:\/\/se.csbe.qc.ca\/primaire\/files\/2022\/01\/fgj-300x137.jpg 300w, https:\/\/se.csbe.qc.ca\/primaire\/files\/2022\/01\/fgj.jpg 584w\" sizes=\"auto, (max-width: 300px) 100vw, 300px\" \/>Automne 2022<\/h4>\n<p>Le minist\u00e8re de l\u2019\u00c9ducation offre durant l\u2019ann\u00e9e scolaire des s\u00e9ances de formation et<br \/>d\u2019information destin\u00e9es notamment aux enseignants et aux conseillers p\u00e9dagogiques. Ces<br \/>s\u00e9ances de formation continue, en lien avec les diff\u00e9rents programmes d\u2019\u00e9tudes, ont \u00e9t\u00e9<br \/>\u00e9labor\u00e9es par l\u2019\u00e9quipe de la Direction de la formation g\u00e9n\u00e9rale des jeunes. Ces s\u00e9ances gratuites<br \/>se donnent en ligne ou en pr\u00e9sence.<\/p>\n<p><span style=\"color: #ff0000\">Vous trouverez les liens pour vous inscrire<\/span> <a href=\"http:\/\/www.education.gouv.qc.ca\/fileadmin\/site_web\/documents\/education\/jeunes\/Guide_offre-form-FGJ_A2022.pdf\">ICI<\/a>.\u00a0<\/p>\n<p>Visionner les capsules des formations offertes\u00a0 ant\u00e9rieurement\u00a0 <a href=\"https:\/\/www.youtube.com\/playlist?list=PL7xK7_BJ0pSUIzLJbL94tKvBltUxJa2K8\">ICI<\/a> et en math\u00e9matique<a href=\"https:\/\/domaine.recitmst.qc.ca\/formations\/documents-des-formations-primaire\/\"> ICI.<\/a> <a href=\"https:\/\/domaine.recitmst.qc.ca\/formations\/documents-des-formations-primaire\/\">\u00a0<\/a><\/p>\n<p>\u00a0<\/p>\n<p>\u00a0<\/p>\n<p>\u00a0<\/p>\n<p>\u00a0<\/p>\n<\/div>","protected":false},"excerpt":{"rendered":"<div class=\"page-restrict-output\"><p>Automne 2022 Le minist\u00e8re de l\u2019\u00c9ducation offre durant l\u2019ann\u00e9e scolaire des s\u00e9ances de formation etd\u2019information destin\u00e9es notamment aux enseignants et aux conseillers p\u00e9dagogiques. Cess\u00e9ances de formation continue, en lien avec les diff\u00e9rents programmes d\u2019\u00e9tudes, ont \u00e9t\u00e9\u00e9labor\u00e9es par l\u2019\u00e9quipe de la Direction de la formation g\u00e9n\u00e9rale des jeunes. Ces s\u00e9ances gratuitesse donnent en ligne ou en &hellip; <\/p>\n<p><a class=\"more-link btn\" href=\"https:\/\/se.csbe.qc.ca\/primaire\/2022\/01\/12\/offre-de-formation-du-ministere\/\">Lire la suite<\/a><\/p>\n<\/div>","protected":false},"author":156,"featured_media":0,"comment_status":"closed","ping_status":"closed","sticky":false,"template":"","format":"standard","meta":{"footnotes":""},"categories":[1],"tags":[],"class_list":["post-801","post","type-post","status-publish","format-standard","hentry","category-non-classe","item-wrap"],"_links":{"self":[{"href":"https:\/\/se.csbe.qc.ca\/primaire\/wp-json\/wp\/v2\/posts\/801","targetHints":{"allow":["GET"]}}],"collection":[{"href":"https:\/\/se.csbe.qc.ca\/primaire\/wp-json\/wp\/v2\/posts"}],"about":[{"href":"https:\/\/se.csbe.qc.ca\/primaire\/wp-json\/wp\/v2\/types\/post"}],"author":[{"embeddable":true,"href":"https:\/\/se.csbe.qc.ca\/primaire\/wp-json\/wp\/v2\/users\/156"}],"replies":[{"embeddable":true,"href":"https:\/\/se.csbe.qc.ca\/primaire\/wp-json\/wp\/v2\/comments?post=801"}],"version-history":[{"count":10,"href":"https:\/\/se.csbe.qc.ca\/primaire\/wp-json\/wp\/v2\/posts\/801\/revisions"}],"predecessor-version":[{"id":896,"href":"https:\/\/se.csbe.qc.ca\/primaire\/wp-json\/wp\/v2\/posts\/801\/revisions\/896"}],"wp:attachment":[{"href":"https:\/\/se.csbe.qc.ca\/primaire\/wp-json\/wp\/v2\/media?parent=801"}],"wp:term":[{"taxonomy":"category","embeddable":true,"href":"https:\/\/se.csbe.qc.ca\/primaire\/wp-json\/wp\/v2\/categories?post=801"},{"taxonomy":"post_tag","embeddable":true,"href":"https:\/\/se.csbe.qc.ca\/primaire\/wp-json\/wp\/v2\/tags?post=801"}],"curies":[{"name":"wp","href":"https:\/\/api.w.org\/{rel}","templated":true}]}}