{"id":691,"date":"2021-08-16T09:32:12","date_gmt":"2021-08-16T14:32:12","guid":{"rendered":"https:\/\/se.csbe.qc.ca\/primaire\/?p=691"},"modified":"2021-08-16T09:32:13","modified_gmt":"2021-08-16T14:32:13","slug":"apprentissages-prioritaires-2021-2022","status":"publish","type":"post","link":"https:\/\/se.csbe.qc.ca\/primaire\/2021\/08\/16\/apprentissages-prioritaires-2021-2022\/","title":{"rendered":"Apprentissages prioritaires 2021-2022"},"content":{"rendered":"<div class=\"page-restrict-output\">\n<p>Dans le contexte actuel o\u00f9 la pand\u00e9mie de Covid-19 est toujours active, le MEES a rendu public un document visant \u00e0 cibler les savoirs prioritaires pour l&rsquo;ann\u00e9e scolaire 2021-2022.\u00a0<\/p>\n<p>Cliquez sur le lien ci-dessous pour y acc\u00e9der.<\/p>\n<!-- WP Attachments -->\r\n        <div style=\"width:100%;margin:10px 0 10px 0;\">\r\n            <h3>Documents joints<\/h3>\r\n        <ul class=\"post-attachments\"><li class=\"post-attachment mime-application-pdf\"><a href=\"https:\/\/se.csbe.qc.ca\/primaire\/files\/2021\/08\/Guide-apprentissages-prioritaires-primaire-2021-2022.pdf\">Guide-apprentissages-prioritaires-primaire-2021-2022<\/a> <small>(762 kB)<\/small><\/li><\/ul><\/div><\/div>","protected":false},"excerpt":{"rendered":"<div class=\"page-restrict-output\"><p>Dans le contexte actuel o\u00f9 la pand\u00e9mie de Covid-19 est toujours active, le MEES a rendu public un document visant \u00e0 cibler les savoirs prioritaires pour l&rsquo;ann\u00e9e scolaire 2021-2022.\u00a0 Cliquez sur le lien ci-dessous pour y acc\u00e9der. Documents joints Guide-apprentissages-prioritaires-primaire-2021-2022 (762 kB)<\/p>\n<\/div>","protected":false},"author":80,"featured_media":0,"comment_status":"closed","ping_status":"closed","sticky":false,"template":"","format":"standard","meta":{"footnotes":""},"categories":[1],"tags":[],"class_list":["post-691","post","type-post","status-publish","format-standard","hentry","category-non-classe","item-wrap"],"_links":{"self":[{"href":"https:\/\/se.csbe.qc.ca\/primaire\/wp-json\/wp\/v2\/posts\/691","targetHints":{"allow":["GET"]}}],"collection":[{"href":"https:\/\/se.csbe.qc.ca\/primaire\/wp-json\/wp\/v2\/posts"}],"about":[{"href":"https:\/\/se.csbe.qc.ca\/primaire\/wp-json\/wp\/v2\/types\/post"}],"author":[{"embeddable":true,"href":"https:\/\/se.csbe.qc.ca\/primaire\/wp-json\/wp\/v2\/users\/80"}],"replies":[{"embeddable":true,"href":"https:\/\/se.csbe.qc.ca\/primaire\/wp-json\/wp\/v2\/comments?post=691"}],"version-history":[{"count":1,"href":"https:\/\/se.csbe.qc.ca\/primaire\/wp-json\/wp\/v2\/posts\/691\/revisions"}],"predecessor-version":[{"id":694,"href":"https:\/\/se.csbe.qc.ca\/primaire\/wp-json\/wp\/v2\/posts\/691\/revisions\/694"}],"wp:attachment":[{"href":"https:\/\/se.csbe.qc.ca\/primaire\/wp-json\/wp\/v2\/media?parent=691"}],"wp:term":[{"taxonomy":"category","embeddable":true,"href":"https:\/\/se.csbe.qc.ca\/primaire\/wp-json\/wp\/v2\/categories?post=691"},{"taxonomy":"post_tag","embeddable":true,"href":"https:\/\/se.csbe.qc.ca\/primaire\/wp-json\/wp\/v2\/tags?post=691"}],"curies":[{"name":"wp","href":"https:\/\/api.w.org\/{rel}","templated":true}]}}