{"id":2400,"date":"2022-04-26T08:31:15","date_gmt":"2022-04-26T12:31:15","guid":{"rendered":"https:\/\/se.csbe.qc.ca\/mathprimaire\/?p=2400"},"modified":"2022-04-26T08:31:44","modified_gmt":"2022-04-26T12:31:44","slug":"apprendre-et-evaluer-autrement-en-mathematique","status":"publish","type":"post","link":"https:\/\/se.csbe.qc.ca\/mathprimaire\/2022\/04\/26\/apprendre-et-evaluer-autrement-en-mathematique\/","title":{"rendered":"Apprendre et \u00e9valuer autrement en math\u00e9matique"},"content":{"rendered":"<div class=\"page-restrict-output\">\n<p><a href=\"https:\/\/sites.google.com\/csbe.qc.ca\/evaluerautrementenmath\"><img loading=\"lazy\" decoding=\"async\" class=\"size-medium wp-image-2401 alignleft\" src=\"https:\/\/se.csbe.qc.ca\/mathprimaire\/files\/2022\/04\/aautrement-300x136.jpg\" alt=\"\" width=\"300\" height=\"136\" srcset=\"https:\/\/se.csbe.qc.ca\/mathprimaire\/files\/2022\/04\/aautrement-300x136.jpg 300w, https:\/\/se.csbe.qc.ca\/mathprimaire\/files\/2022\/04\/aautrement-1024x464.jpg 1024w, https:\/\/se.csbe.qc.ca\/mathprimaire\/files\/2022\/04\/aautrement-768x348.jpg 768w, https:\/\/se.csbe.qc.ca\/mathprimaire\/files\/2022\/04\/aautrement-750x340.jpg 750w, https:\/\/se.csbe.qc.ca\/mathprimaire\/files\/2022\/04\/aautrement.jpg 1082w\" sizes=\"auto, (max-width: 300px) 100vw, 300px\" \/><\/a>Le contenu de ce site est le fruit de la collaboration entre le\u00a0R\u00c9CIT MST\u00a0et plusieurs conseillers p\u00e9dagogiques en math\u00e9matique, conseillers p\u00e9dagogiques du R\u00c9CIT et professionnels de l&rsquo;\u00e9ducation afin de proposer des solutions concr\u00e8tes pour\u00a0<strong>apprendre\u00a0<\/strong>et<strong>\u00a0\u00e9valuer les comp\u00e9tences et les apprentissages math\u00e9matiques<\/strong>.<\/p>\n<p>Rejoindre la ressource <a href=\"https:\/\/sites.google.com\/csbe.qc.ca\/evaluerautrementenmath\">ICI<\/a>.\u00a0<\/p>\n<\/div>","protected":false},"excerpt":{"rendered":"<div class=\"page-restrict-output\"><p>Le contenu de ce site est le fruit de la collaboration entre le\u00a0R\u00c9CIT MST\u00a0et plusieurs conseillers p\u00e9dagogiques en math\u00e9matique, conseillers p\u00e9dagogiques du R\u00c9CIT et professionnels de l&rsquo;\u00e9ducation afin de proposer des solutions concr\u00e8tes pour\u00a0apprendre\u00a0et\u00a0\u00e9valuer les comp\u00e9tences et les apprentissages math\u00e9matiques. Rejoindre la ressource ICI.\u00a0<\/p>\n<\/div>","protected":false},"author":156,"featured_media":0,"comment_status":"closed","ping_status":"closed","sticky":false,"template":"","format":"standard","meta":{"footnotes":""},"categories":[28],"tags":[],"class_list":["post-2400","post","type-post","status-publish","format-standard","hentry","category-evaluation","item-wrap"],"_links":{"self":[{"href":"https:\/\/se.csbe.qc.ca\/mathprimaire\/wp-json\/wp\/v2\/posts\/2400","targetHints":{"allow":["GET"]}}],"collection":[{"href":"https:\/\/se.csbe.qc.ca\/mathprimaire\/wp-json\/wp\/v2\/posts"}],"about":[{"href":"https:\/\/se.csbe.qc.ca\/mathprimaire\/wp-json\/wp\/v2\/types\/post"}],"author":[{"embeddable":true,"href":"https:\/\/se.csbe.qc.ca\/mathprimaire\/wp-json\/wp\/v2\/users\/156"}],"replies":[{"embeddable":true,"href":"https:\/\/se.csbe.qc.ca\/mathprimaire\/wp-json\/wp\/v2\/comments?post=2400"}],"version-history":[{"count":2,"href":"https:\/\/se.csbe.qc.ca\/mathprimaire\/wp-json\/wp\/v2\/posts\/2400\/revisions"}],"predecessor-version":[{"id":2403,"href":"https:\/\/se.csbe.qc.ca\/mathprimaire\/wp-json\/wp\/v2\/posts\/2400\/revisions\/2403"}],"wp:attachment":[{"href":"https:\/\/se.csbe.qc.ca\/mathprimaire\/wp-json\/wp\/v2\/media?parent=2400"}],"wp:term":[{"taxonomy":"category","embeddable":true,"href":"https:\/\/se.csbe.qc.ca\/mathprimaire\/wp-json\/wp\/v2\/categories?post=2400"},{"taxonomy":"post_tag","embeddable":true,"href":"https:\/\/se.csbe.qc.ca\/mathprimaire\/wp-json\/wp\/v2\/tags?post=2400"}],"curies":[{"name":"wp","href":"https:\/\/api.w.org\/{rel}","templated":true}]}}