{"id":2291,"date":"2022-02-02T15:50:32","date_gmt":"2022-02-02T20:50:32","guid":{"rendered":"https:\/\/se.csbe.qc.ca\/mathprimaire\/?p=2291"},"modified":"2022-02-02T15:50:33","modified_gmt":"2022-02-02T20:50:33","slug":"developper-les-idees-mathematiques-appui-mardi","status":"publish","type":"post","link":"https:\/\/se.csbe.qc.ca\/mathprimaire\/2022\/02\/02\/developper-les-idees-mathematiques-appui-mardi\/","title":{"rendered":"D\u00e9velopper les id\u00e9es math\u00e9matiques (Appui mardi)"},"content":{"rendered":"<div class=\"page-restrict-output\">\n<p><img loading=\"lazy\" decoding=\"async\" class=\"alignnone  wp-image-2297\" src=\"https:\/\/se.csbe.qc.ca\/mathprimaire\/files\/2022\/02\/logo-Appui-cercle-QR-300x289.jpg\" alt=\"\" width=\"132\" height=\"127\" srcset=\"https:\/\/se.csbe.qc.ca\/mathprimaire\/files\/2022\/02\/logo-Appui-cercle-QR-300x289.jpg 300w, https:\/\/se.csbe.qc.ca\/mathprimaire\/files\/2022\/02\/logo-Appui-cercle-QR.jpg 463w\" sizes=\"auto, (max-width: 132px) 100vw, 132px\" \/>L&rsquo;Appui du mardi s&rsquo;int\u00e9resse aux id\u00e9es math\u00e9matiques des \u00e9l\u00e8ves.\u00a0 Comment les motiver?<\/p>\n<ol>\n<li>\u00a0Analyse <em>a priori<\/em> d&rsquo;une situation-probl\u00e8me.<\/li>\n<\/ol>\n<p>\u00a0 \u00a0 \u00a0 \u00a0 \u00a0 \u00a0 \u00a0 \u00a0 <a href=\"https:\/\/se.csbe.qc.ca\/mathprimaire\/files\/2022\/02\/Analyse-a-priori_prefererais_tu_Appui_mars2022_1er-Cycle.docx\">1er cycle,\u00a0 \u00a0<\/a><a href=\"https:\/\/se.csbe.qc.ca\/mathprimaire\/files\/2022\/02\/ELEVE_idees_maths_A_1er-cycle.docx\">\u00c9l\u00e8ve 1er cycle<\/a><\/p>\n<p>\u00a0 \u00a0 \u00a0 \u00a0 \u00a0 \u00a0 \u00a0 \u00a0<a href=\"https:\/\/se.csbe.qc.ca\/mathprimaire\/files\/2022\/02\/Analyse-a-priori_prefererais_tu_Appui_mars2022_2eCycle.docx\">2e cycle<\/a><\/p>\n<p>\u00a0 \u00a0 \u00a0 \u00a0 \u00a0 \u00a0 \u00a0 \u00a0<a href=\"https:\/\/se.csbe.qc.ca\/mathprimaire\/files\/2022\/02\/Analyse-a-priori_prefererais_tu_Appui_mars2022_3eCycle.docx\">3e cycle,\u00a0 <\/a><a href=\"https:\/\/se.csbe.qc.ca\/mathprimaire\/files\/2022\/02\/ELEVE_Idees_maths_A_3e-cycle.docx\">\u00c9l\u00e8ve 3e cycle<\/a>\u00a0<\/p>\n<p>\u00a0 \u00a0 \u00a02.\u00a0 Des id\u00e9es pour motiver les id\u00e9es math\u00e9matiques<\/p>\n<p>\u00a0 \u00a0 \u00a0 \u00a0 \u00a0 \u00a0 \u00a0 \u00a0<a href=\"https:\/\/se.csbe.qc.ca\/mathprimaire\/2021\/02\/09\/les-mathematiques-par-limage\/\">Les math\u00e9matiques par l&rsquo;image<\/a><\/p>\n<p>\u00a0 \u00a0 \u00a0 \u00a0 \u00a0 \u00a0 \u00a0 <a href=\"https:\/\/se.csbe.qc.ca\/mathprimaire\/2021\/12\/10\/les-trois-phases-de-la-resolution-de-probleme\/\">\u00a0Communiquer ses id\u00e9es math\u00e9matiques en 6<sup>e<\/sup> ann\u00e9e<\/a><\/p>\n<!-- WP Attachments -->\r\n        <div style=\"width:100%;margin:10px 0 10px 0;\">\r\n            <h3>Documents joints<\/h3>\r\n        <ul class=\"post-attachments\"><li class=\"post-attachment mime-application-vnd-openxmlformats-officedocument-wordprocessingml-document\"><a href=\"https:\/\/se.csbe.qc.ca\/mathprimaire\/files\/2022\/02\/Analyse-a-priori_prefererais_tu_Appui_mars2022_1er-Cycle.docx\">1er cycle<\/a> <small>(167 kB)<\/small><\/li><li class=\"post-attachment mime-application-vnd-openxmlformats-officedocument-wordprocessingml-document\"><a href=\"https:\/\/se.csbe.qc.ca\/mathprimaire\/files\/2022\/02\/Analyse-a-priori_prefererais_tu_Appui_mars2022_2eCycle.docx\">2e cycle<\/a> <small>(119 kB)<\/small><\/li><li class=\"post-attachment mime-application-vnd-openxmlformats-officedocument-wordprocessingml-document\"><a href=\"https:\/\/se.csbe.qc.ca\/mathprimaire\/files\/2022\/02\/Analyse-a-priori_prefererais_tu_Appui_mars2022_3eCycle.docx\">3e cycle<\/a> <small>(119 kB)<\/small><\/li><li class=\"post-attachment mime-application-vnd-openxmlformats-officedocument-wordprocessingml-document\"><a href=\"https:\/\/se.csbe.qc.ca\/mathprimaire\/files\/2022\/02\/ELEVE_idees_maths_A_1er-cycle.docx\">\u00c9l\u00e8ve 1er cycle<\/a> <small>(113 kB)<\/small><\/li><li class=\"post-attachment mime-application-vnd-openxmlformats-officedocument-wordprocessingml-document\"><a href=\"https:\/\/se.csbe.qc.ca\/mathprimaire\/files\/2022\/02\/ELEVE_Idees_maths_A_3e-cycle.docx\">\u00c9l\u00e8ves 3e cycle<\/a> <small>(167 kB)<\/small><\/li><\/ul><\/div><\/div>","protected":false},"excerpt":{"rendered":"<div class=\"page-restrict-output\"><p>L&rsquo;Appui du mardi s&rsquo;int\u00e9resse aux id\u00e9es math\u00e9matiques des \u00e9l\u00e8ves.\u00a0 Comment les motiver? \u00a0Analyse a priori d&rsquo;une situation-probl\u00e8me. \u00a0 \u00a0 \u00a0 \u00a0 \u00a0 \u00a0 \u00a0 \u00a0 1er cycle,\u00a0 \u00a0\u00c9l\u00e8ve 1er cycle \u00a0 \u00a0 \u00a0 \u00a0 \u00a0 \u00a0 \u00a0 \u00a02e cycle \u00a0 \u00a0 \u00a0 \u00a0 \u00a0 \u00a0 \u00a0 \u00a03e cycle,\u00a0 \u00c9l\u00e8ve 3e cycle\u00a0 \u00a0 \u00a0 \u00a02.\u00a0 Des &hellip; <\/p>\n<p><a class=\"more-link btn\" href=\"https:\/\/se.csbe.qc.ca\/mathprimaire\/2022\/02\/02\/developper-les-idees-mathematiques-appui-mardi\/\">Lire la suite<\/a><\/p>\n<\/div>","protected":false},"author":156,"featured_media":0,"comment_status":"closed","ping_status":"closed","sticky":false,"template":"","format":"standard","meta":{"footnotes":""},"categories":[1],"tags":[],"class_list":["post-2291","post","type-post","status-publish","format-standard","hentry","category-non-classe","item-wrap"],"_links":{"self":[{"href":"https:\/\/se.csbe.qc.ca\/mathprimaire\/wp-json\/wp\/v2\/posts\/2291","targetHints":{"allow":["GET"]}}],"collection":[{"href":"https:\/\/se.csbe.qc.ca\/mathprimaire\/wp-json\/wp\/v2\/posts"}],"about":[{"href":"https:\/\/se.csbe.qc.ca\/mathprimaire\/wp-json\/wp\/v2\/types\/post"}],"author":[{"embeddable":true,"href":"https:\/\/se.csbe.qc.ca\/mathprimaire\/wp-json\/wp\/v2\/users\/156"}],"replies":[{"embeddable":true,"href":"https:\/\/se.csbe.qc.ca\/mathprimaire\/wp-json\/wp\/v2\/comments?post=2291"}],"version-history":[{"count":1,"href":"https:\/\/se.csbe.qc.ca\/mathprimaire\/wp-json\/wp\/v2\/posts\/2291\/revisions"}],"predecessor-version":[{"id":2298,"href":"https:\/\/se.csbe.qc.ca\/mathprimaire\/wp-json\/wp\/v2\/posts\/2291\/revisions\/2298"}],"wp:attachment":[{"href":"https:\/\/se.csbe.qc.ca\/mathprimaire\/wp-json\/wp\/v2\/media?parent=2291"}],"wp:term":[{"taxonomy":"category","embeddable":true,"href":"https:\/\/se.csbe.qc.ca\/mathprimaire\/wp-json\/wp\/v2\/categories?post=2291"},{"taxonomy":"post_tag","embeddable":true,"href":"https:\/\/se.csbe.qc.ca\/mathprimaire\/wp-json\/wp\/v2\/tags?post=2291"}],"curies":[{"name":"wp","href":"https:\/\/api.w.org\/{rel}","templated":true}]}}