{"id":1631,"date":"2021-04-13T08:43:58","date_gmt":"2021-04-13T12:43:58","guid":{"rendered":"https:\/\/se.csbe.qc.ca\/mathprimaire\/?p=1631"},"modified":"2021-11-01T09:24:56","modified_gmt":"2021-11-01T13:24:56","slug":"exploitation-des-differents-sens-des-operations-structures-additives-et-multiplicatives","status":"publish","type":"post","link":"https:\/\/se.csbe.qc.ca\/mathprimaire\/2021\/04\/13\/exploitation-des-differents-sens-des-operations-structures-additives-et-multiplicatives\/","title":{"rendered":"Exploitation des diff\u00e9rents sens des op\u00e9rations : structures additives et multiplicatives"},"content":{"rendered":"<div class=\"page-restrict-output\">\n<h4><img loading=\"lazy\" decoding=\"async\" class=\"wp-image-1838 alignleft\" src=\"https:\/\/se.csbe.qc.ca\/mathprimaire\/files\/2021\/04\/probleme-300x227.jpg\" alt=\"\" width=\"141\" height=\"107\" srcset=\"https:\/\/se.csbe.qc.ca\/mathprimaire\/files\/2021\/04\/probleme-300x227.jpg 300w, https:\/\/se.csbe.qc.ca\/mathprimaire\/files\/2021\/04\/probleme-1024x774.jpg 1024w, https:\/\/se.csbe.qc.ca\/mathprimaire\/files\/2021\/04\/probleme-768x581.jpg 768w, https:\/\/se.csbe.qc.ca\/mathprimaire\/files\/2021\/04\/probleme-750x567.jpg 750w, https:\/\/se.csbe.qc.ca\/mathprimaire\/files\/2021\/04\/probleme.jpg 1112w\" sizes=\"auto, (max-width: 141px) 100vw, 141px\" \/>Un probl\u00e8me de bonne journ\u00e9e, 80 situations pour travailler le sens des op\u00e9rations. <a href=\"https:\/\/csbe5.sharepoint.com\/:b:\/t\/se\/Ed2rw7_HLq9PhxKshoVNyGUBnmWCCLUVzrLPPiPe1B_dew?e=GFWaii\">PDF<\/a>\u00a0 \u00a0<a href=\"https:\/\/csbe5.sharepoint.com\/:w:\/t\/se\/ETbleHVjZWtAgS1b3CQG3JIBDNneh-E2jJuWT4JFlh_5vQ?e=CpNp8P\">Word<\/a><\/h4>\n<p>\u00a0<\/p>\n<p>\u00a0<\/p>\n<h4><a href=\"https:\/\/www.youtube.com\/watch?v=bGdmRzxXI40\"><img loading=\"lazy\" decoding=\"async\" class=\"wp-image-1764 alignleft\" src=\"https:\/\/se.csbe.qc.ca\/mathprimaire\/files\/2021\/04\/piege-300x170.jpg\" alt=\"\" width=\"143\" height=\"81\" srcset=\"https:\/\/se.csbe.qc.ca\/mathprimaire\/files\/2021\/04\/piege-300x170.jpg 300w, https:\/\/se.csbe.qc.ca\/mathprimaire\/files\/2021\/04\/piege.jpg 544w\" sizes=\"auto, (max-width: 143px) 100vw, 143px\" \/><\/a><\/h4>\n<h4>Le pi\u00e8ge des mots cl\u00e9s-cl\u00e9s<\/h4>\n<p>Les chercheurs et les sp\u00e9cialistes en didactique des math\u00e9matiques \u00e9mettent depuis longtemps des mises en garde contre la m\u00e9thode consistant \u00e0 attirer l\u2019attention des \u00e9l\u00e8ves sur certains mots-cl\u00e9s (<em>de plus, de moins, somme, diff\u00e9rence, etc<\/em>.)\u00a0 se retrouvant dans des situations-probl\u00e8mes par lesquels on voudrait obtenir le sens des op\u00e9rations.\u00a0<\/p>\n<p><!--more--><\/p>\n<h4>Les \u00e9l\u00e8ves meilleurs au pr\u00e9scolaire et en premi\u00e8re ann\u00e9e<\/h4>\n<p>Selon Lovin et Van de Walle <sup>p.90<\/sup>, de nombreux enfants du pr\u00e9scolaire et la plupart des \u00e9l\u00e8ves de premi\u00e8re ann\u00e9e r\u00e9ussissent mieux \u00e0 r\u00e9soudre des probl\u00e8mes que les \u00e9l\u00e8ves de niveau sup\u00e9rieur. Les \u00e9l\u00e8ves plus \u00e2g\u00e9s ne tiennent pas toujours compte du contexte et utilisent souvent des donn\u00e9es superflues dans leurs calculs. En revanche, les \u00e9l\u00e8ves du pr\u00e9scolaire et de premi\u00e8re ann\u00e9e ont peu d\u2019outils pour calculer voir aucun. Ils examinent donc attentivement le probl\u00e8me, emploie souvent des modes de repr\u00e9sentation vari\u00e9s et d\u00e9terminent la solution en s\u2019appuyant sur le sens de l\u2019histoire. Quel que soit le niveau auquel vous enseignez, il est important de toujours demander aux \u00e9l\u00e8ves de r\u00e9fl\u00e9chir aux probl\u00e8mes avant de tenter de les r\u00e9soudre.<\/p>\n<p>\u00c0 titre d\u2019exemple, le probl\u00e8me qui suit est r\u00e9ussi par uniquement 40% d\u2019un groupe d\u2019\u00e9l\u00e8ves de 8 ans\u00a0: <em>Rapha\u00ebl poss\u00e8de 45 petites autos.\u00a0 L\u00e9onie poss\u00e8de 12 petites autos de moins que Rapha\u00ebl. Combien L\u00e9onie a-t-elle de petites autos?<\/em>\u00a0 La capsule de 1 minute intitul\u00e9e <a href=\"https:\/\/www.youtube.com\/watch?v=bGdmRzxXI40\"><em>Le pi\u00e8ge\u00a0 <\/em><\/a>\u00a0montre un \u00e9l\u00e8ve de 2<sup>e<\/sup> ann\u00e9e traduisant cette situation par\u00a0: 45 + 12 = 57 \u00a0\u00a0Sommes-nous \u00e9tonn\u00e9s?\u00a0 Quel serait le taux de r\u00e9ussite de ce second probl\u00e8me\u00a0:\u00a0 <em>Rapha\u00ebl poss\u00e8de 45 petites autos.\u00a0 C\u2019est 20 de plus que L\u00e9onie.\u00a0 Combien de petites autos poss\u00e8de L\u00e9onie? \u00a0<\/em><\/p>\n<h4>Une ressource pour d\u00e9velopper le sens des op\u00e9rations au quotidien<\/h4>\n<p><span style=\"color: #ff0000\"><strong><a href=\"https:\/\/csbe5.sharepoint.com\/:b:\/t\/se\/Ed2rw7_HLq9PhxKshoVNyGUBnmWCCLUVzrLPPiPe1B_dew?e=j1qkt4\">Un probl\u00e8me de bonne journ\u00e9e<\/a> <span style=\"color: #000000\">, <\/span><\/strong><\/span><span style=\"color: #000000\">u<\/span>n recueil pr\u00e9par\u00e9 par Nadia Roy ,enseignante de 2e cycle \u00e0 l&rsquo;\u00e9cole Ste-Famille de Tring Jonction,\u00a0 offre pr\u00e8s de 80 courtes situations impliquant des structures additives (addition et soustraction) et des structures multiplicatives (multiplication et division).\u00a0 Chaque type de probl\u00e8me est pr\u00e9c\u00e9d\u00e9 de conseils didactiques permettant \u00e0 vos \u00e9l\u00e8ves de d\u00e9velopper des repr\u00e9sentations personnelles et vari\u00e9es qui manifesteront leur capacit\u00e9 de comprendre le sens des op\u00e9rations. Ce d\u00e9veloppement didactique est inspir\u00e9 des travaux d\u2019Annie Savard de l&rsquo;Universit\u00e9 McGill.\u00a0 La formation <em>Deux ours, un renard et le fromage<\/em> est une formation CSSBE offerte aux enseignants qui d\u00e9sirent d\u00e9velopper la repr\u00e9sentation des structures additives \u00e0 partir d\u2019une histoire.\u00a0<\/p>\n<p>Propos\u00e9es en routine quotidienne -dans l\u2019ordre ou en variant les types de structures, avec ou sans donn\u00e9es chiffr\u00e9es- les diff\u00e9rentes situations-probl\u00e8mes permettent aux \u00e9l\u00e8ves du 2<sup>e<\/sup> cycle de raisonner avec justesse tout en d\u00e9veloppant la confiance en leurs id\u00e9es math\u00e9matiques.\u00a0 Des repr\u00e9sentations sont sugg\u00e9r\u00e9es sans \u00eatre impos\u00e9es.\u00a0 Elles ont tout de m\u00eame l\u2019avantage d\u2019\u00eatre fort utiles lorsque les donn\u00e9es chiffr\u00e9es impliquent de grands nombres difficiles \u00e0 repr\u00e9senter par des jetons.<\/p>\n<h4>Les diff\u00e9rents sens \u00e0 d\u00e9velopper au primaire<\/h4>\n<p>\u00a0<\/p>\n<table class=\" aligncenter\" style=\"width: 100%;border-collapse: collapse;border-style: groove;border-color: #080101\">\n<tbody>\n<tr>\n<td style=\"width: 100%\" colspan=\"2\">\n<h4 style=\"text-align: center\">Sens de l&rsquo;addition et de la soustraction (A. Savard et M\u00c9Q)<\/h4>\n<\/td>\n<\/tr>\n<tr>\n<td style=\"width: 100%\" colspan=\"2\"><br \/><img loading=\"lazy\" decoding=\"async\" class=\"size-medium wp-image-2146 alignleft\" src=\"https:\/\/se.csbe.qc.ca\/mathprimaire\/files\/2021\/04\/comparaison-JM-300x131.png\" alt=\"\" width=\"300\" height=\"131\" srcset=\"https:\/\/se.csbe.qc.ca\/mathprimaire\/files\/2021\/04\/comparaison-JM-300x131.png 300w, https:\/\/se.csbe.qc.ca\/mathprimaire\/files\/2021\/04\/comparaison-JM-1024x446.png 1024w, https:\/\/se.csbe.qc.ca\/mathprimaire\/files\/2021\/04\/comparaison-JM-768x334.png 768w, https:\/\/se.csbe.qc.ca\/mathprimaire\/files\/2021\/04\/comparaison-JM-750x326.png 750w, https:\/\/se.csbe.qc.ca\/mathprimaire\/files\/2021\/04\/comparaison-JM.png 1252w\" sizes=\"auto, (max-width: 300px) 100vw, 300px\" \/> <img loading=\"lazy\" decoding=\"async\" class=\"alignnone size-medium wp-image-2147\" src=\"https:\/\/se.csbe.qc.ca\/mathprimaire\/files\/2021\/04\/comparaison-300x206.jpg\" alt=\"\" width=\"300\" height=\"206\" srcset=\"https:\/\/se.csbe.qc.ca\/mathprimaire\/files\/2021\/04\/comparaison-300x206.jpg 300w, https:\/\/se.csbe.qc.ca\/mathprimaire\/files\/2021\/04\/comparaison-768x527.jpg 768w, https:\/\/se.csbe.qc.ca\/mathprimaire\/files\/2021\/04\/comparaison-750x514.jpg 750w, https:\/\/se.csbe.qc.ca\/mathprimaire\/files\/2021\/04\/comparaison.jpg 913w\" sizes=\"auto, (max-width: 300px) 100vw, 300px\" \/> <img loading=\"lazy\" decoding=\"async\" class=\"alignnone size-medium wp-image-2148\" src=\"https:\/\/se.csbe.qc.ca\/mathprimaire\/files\/2021\/04\/reunion-JM-300x117.png\" alt=\"\" width=\"300\" height=\"117\" srcset=\"https:\/\/se.csbe.qc.ca\/mathprimaire\/files\/2021\/04\/reunion-JM-300x117.png 300w, https:\/\/se.csbe.qc.ca\/mathprimaire\/files\/2021\/04\/reunion-JM-1024x401.png 1024w, https:\/\/se.csbe.qc.ca\/mathprimaire\/files\/2021\/04\/reunion-JM-768x300.png 768w, https:\/\/se.csbe.qc.ca\/mathprimaire\/files\/2021\/04\/reunion-JM-750x293.png 750w, https:\/\/se.csbe.qc.ca\/mathprimaire\/files\/2021\/04\/reunion-JM.png 1214w\" sizes=\"auto, (max-width: 300px) 100vw, 300px\" \/>\u00a0 \u00a0 \u00a0 <img loading=\"lazy\" decoding=\"async\" class=\"alignnone size-medium wp-image-2149\" src=\"https:\/\/se.csbe.qc.ca\/mathprimaire\/files\/2021\/04\/reunion-300x214.jpg\" alt=\"\" width=\"300\" height=\"214\" srcset=\"https:\/\/se.csbe.qc.ca\/mathprimaire\/files\/2021\/04\/reunion-300x214.jpg 300w, https:\/\/se.csbe.qc.ca\/mathprimaire\/files\/2021\/04\/reunion-768x547.jpg 768w, https:\/\/se.csbe.qc.ca\/mathprimaire\/files\/2021\/04\/reunion-750x534.jpg 750w, https:\/\/se.csbe.qc.ca\/mathprimaire\/files\/2021\/04\/reunion.jpg 928w\" sizes=\"auto, (max-width: 300px) 100vw, 300px\" \/> <img loading=\"lazy\" decoding=\"async\" class=\"alignnone size-medium wp-image-2150\" src=\"https:\/\/se.csbe.qc.ca\/mathprimaire\/files\/2021\/04\/transfomation-JM-300x122.png\" alt=\"\" width=\"300\" height=\"122\" srcset=\"https:\/\/se.csbe.qc.ca\/mathprimaire\/files\/2021\/04\/transfomation-JM-300x122.png 300w, https:\/\/se.csbe.qc.ca\/mathprimaire\/files\/2021\/04\/transfomation-JM-1024x418.png 1024w, https:\/\/se.csbe.qc.ca\/mathprimaire\/files\/2021\/04\/transfomation-JM-768x313.png 768w, https:\/\/se.csbe.qc.ca\/mathprimaire\/files\/2021\/04\/transfomation-JM-750x306.png 750w, https:\/\/se.csbe.qc.ca\/mathprimaire\/files\/2021\/04\/transfomation-JM.png 1214w\" sizes=\"auto, (max-width: 300px) 100vw, 300px\" \/>\u00a0 \u00a0 \u00a0\u00a0 <img loading=\"lazy\" decoding=\"async\" class=\"alignnone size-medium wp-image-2151\" src=\"https:\/\/se.csbe.qc.ca\/mathprimaire\/files\/2021\/04\/transformation-300x206.jpg\" alt=\"\" width=\"300\" height=\"206\" srcset=\"https:\/\/se.csbe.qc.ca\/mathprimaire\/files\/2021\/04\/transformation-300x206.jpg 300w, https:\/\/se.csbe.qc.ca\/mathprimaire\/files\/2021\/04\/transformation-768x526.jpg 768w, https:\/\/se.csbe.qc.ca\/mathprimaire\/files\/2021\/04\/transformation-750x514.jpg 750w, https:\/\/se.csbe.qc.ca\/mathprimaire\/files\/2021\/04\/transformation.jpg 903w\" sizes=\"auto, (max-width: 300px) 100vw, 300px\" \/><\/td>\n<\/tr>\n<tr>\n<td style=\"width: 50%\" colspan=\"2\">\n<h4>\u00a0 \u00a0 \u00a0 \u00a0 \u00a0 \u00a0 \u00a0 \u00a0 \u00a0 \u00a0 \u00a0 \u00a0 \u00a0 \u00a0 \u00a0 \u00a0 \u00a0 \u00a0 \u00a0 \u00a0 \u00a0 \u00a0 \u00a0 \u00a0 \u00a0 \u00a0 \u00a0 \u00a0 Sens de la multiplication et de la division (M\u00c9Q)<\/h4>\n<\/td>\n<\/tr>\n<tr>\n<td style=\"width: 50%\" colspan=\"2\"><img loading=\"lazy\" decoding=\"async\" class=\"size-medium wp-image-2154 alignnone\" src=\"https:\/\/se.csbe.qc.ca\/mathprimaire\/files\/2021\/04\/Aire-300x198.jpg\" alt=\"\" width=\"300\" height=\"198\" srcset=\"https:\/\/se.csbe.qc.ca\/mathprimaire\/files\/2021\/04\/Aire-300x198.jpg 300w, https:\/\/se.csbe.qc.ca\/mathprimaire\/files\/2021\/04\/Aire-768x507.jpg 768w, https:\/\/se.csbe.qc.ca\/mathprimaire\/files\/2021\/04\/Aire-750x495.jpg 750w, https:\/\/se.csbe.qc.ca\/mathprimaire\/files\/2021\/04\/Aire.jpg 941w\" sizes=\"auto, (max-width: 300px) 100vw, 300px\" \/> <img loading=\"lazy\" decoding=\"async\" class=\"alignnone size-medium wp-image-2155\" src=\"https:\/\/se.csbe.qc.ca\/mathprimaire\/files\/2021\/04\/comparaison-1-300x207.jpg\" alt=\"\" width=\"300\" height=\"207\" srcset=\"https:\/\/se.csbe.qc.ca\/mathprimaire\/files\/2021\/04\/comparaison-1-300x207.jpg 300w, https:\/\/se.csbe.qc.ca\/mathprimaire\/files\/2021\/04\/comparaison-1-768x530.jpg 768w, https:\/\/se.csbe.qc.ca\/mathprimaire\/files\/2021\/04\/comparaison-1-750x518.jpg 750w, https:\/\/se.csbe.qc.ca\/mathprimaire\/files\/2021\/04\/comparaison-1.jpg 913w\" sizes=\"auto, (max-width: 300px) 100vw, 300px\" \/> <img loading=\"lazy\" decoding=\"async\" class=\"alignnone size-medium wp-image-2156\" src=\"https:\/\/se.csbe.qc.ca\/mathprimaire\/files\/2021\/04\/Contenance-300x210.jpg\" alt=\"\" width=\"300\" height=\"210\" srcset=\"https:\/\/se.csbe.qc.ca\/mathprimaire\/files\/2021\/04\/Contenance-300x210.jpg 300w, https:\/\/se.csbe.qc.ca\/mathprimaire\/files\/2021\/04\/Contenance-768x538.jpg 768w, https:\/\/se.csbe.qc.ca\/mathprimaire\/files\/2021\/04\/Contenance-750x526.jpg 750w, https:\/\/se.csbe.qc.ca\/mathprimaire\/files\/2021\/04\/Contenance.jpg 906w\" sizes=\"auto, (max-width: 300px) 100vw, 300px\" \/> <img loading=\"lazy\" decoding=\"async\" class=\"alignnone size-medium wp-image-2157\" src=\"https:\/\/se.csbe.qc.ca\/mathprimaire\/files\/2021\/04\/Partage-300x209.jpg\" alt=\"\" width=\"300\" height=\"209\" srcset=\"https:\/\/se.csbe.qc.ca\/mathprimaire\/files\/2021\/04\/Partage-300x209.jpg 300w, https:\/\/se.csbe.qc.ca\/mathprimaire\/files\/2021\/04\/Partage-768x534.jpg 768w, https:\/\/se.csbe.qc.ca\/mathprimaire\/files\/2021\/04\/Partage-750x522.jpg 750w, https:\/\/se.csbe.qc.ca\/mathprimaire\/files\/2021\/04\/Partage.jpg 893w\" sizes=\"auto, (max-width: 300px) 100vw, 300px\" \/> <img loading=\"lazy\" decoding=\"async\" class=\"alignnone size-medium wp-image-2158\" src=\"https:\/\/se.csbe.qc.ca\/mathprimaire\/files\/2021\/04\/Produit-cartesien-300x204.jpg\" alt=\"\" width=\"300\" height=\"204\" srcset=\"https:\/\/se.csbe.qc.ca\/mathprimaire\/files\/2021\/04\/Produit-cartesien-300x204.jpg 300w, https:\/\/se.csbe.qc.ca\/mathprimaire\/files\/2021\/04\/Produit-cartesien-768x521.jpg 768w, https:\/\/se.csbe.qc.ca\/mathprimaire\/files\/2021\/04\/Produit-cartesien-750x509.jpg 750w, https:\/\/se.csbe.qc.ca\/mathprimaire\/files\/2021\/04\/Produit-cartesien.jpg 912w\" sizes=\"auto, (max-width: 300px) 100vw, 300px\" \/> <img loading=\"lazy\" decoding=\"async\" class=\"alignnone size-medium wp-image-2159\" src=\"https:\/\/se.csbe.qc.ca\/mathprimaire\/files\/2021\/04\/x-add-repetee-300x112.jpg\" alt=\"\" width=\"300\" height=\"112\" srcset=\"https:\/\/se.csbe.qc.ca\/mathprimaire\/files\/2021\/04\/x-add-repetee-300x112.jpg 300w, https:\/\/se.csbe.qc.ca\/mathprimaire\/files\/2021\/04\/x-add-repetee-750x280.jpg 750w, https:\/\/se.csbe.qc.ca\/mathprimaire\/files\/2021\/04\/x-add-repetee.jpg 755w\" sizes=\"auto, (max-width: 300px) 100vw, 300px\" \/><\/td>\n<\/tr>\n<\/tbody>\n<\/table>\n<h4>Formations CSSBE<\/h4>\n<p><img loading=\"lazy\" decoding=\"async\" class=\"alignnone  wp-image-1758\" src=\"https:\/\/se.csbe.qc.ca\/mathprimaire\/files\/2021\/04\/ourson-289x300.jpg\" alt=\"\" width=\"77\" height=\"80\" srcset=\"https:\/\/se.csbe.qc.ca\/mathprimaire\/files\/2021\/04\/ourson-289x300.jpg 289w, https:\/\/se.csbe.qc.ca\/mathprimaire\/files\/2021\/04\/ourson.jpg 335w\" sizes=\"auto, (max-width: 77px) 100vw, 77px\" \/><a href=\"https:\/\/csbe5.sharepoint.com\/:f:\/t\/se\/Ev7DfzkOOSlKpgLaM1SLvpkB6jge6u1IJsxsVDDeLyKONA?e=eJ7c8X\">Deux oursons, un renard et le fromage, <\/a>une <a href=\"https:\/\/safeshare.tv\/x\/uFFOQyZnjZ\">histoire <\/a>comme \u00e9l\u00e9ment d\u00e9clencheur<\/p>\n<p><img loading=\"lazy\" decoding=\"async\" class=\"alignnone  wp-image-1762\" src=\"https:\/\/se.csbe.qc.ca\/mathprimaire\/files\/2021\/04\/multi-300x204.jpg\" alt=\"\" width=\"97\" height=\"65\" srcset=\"https:\/\/se.csbe.qc.ca\/mathprimaire\/files\/2021\/04\/multi-300x204.jpg 300w, https:\/\/se.csbe.qc.ca\/mathprimaire\/files\/2021\/04\/multi.jpg 562w\" sizes=\"auto, (max-width: 97px) 100vw, 97px\" \/> <a href=\"https:\/\/csbe5.sharepoint.com\/:f:\/t\/se\/EiNvLzqrbl5CltIp17Vw6w0B_TSMeOeVw7d1BKxzhoiRLA?e=cbQXDN\">Structures multiplicatives<\/a><\/p>\n<p>Ressources<\/p>\n<p><a href=\"http:\/\/www.education.gouv.qc.ca\/references\/tx-solrtyperecherchepublicationtx-solrpublicationnouveaute\/resultats-de-la-recherche\/detail\/article\/exploitation-des-differents-sens-des-operations\/?a=a&amp;cHash=d9fa4ae3e6f3ed9c075583371cb12bee\"><img loading=\"lazy\" decoding=\"async\" class=\"alignnone  wp-image-1785\" src=\"https:\/\/se.csbe.qc.ca\/mathprimaire\/files\/2021\/04\/mini-300x256.jpg\" alt=\"\" width=\"87\" height=\"74\" srcset=\"https:\/\/se.csbe.qc.ca\/mathprimaire\/files\/2021\/04\/mini-300x256.jpg 300w, https:\/\/se.csbe.qc.ca\/mathprimaire\/files\/2021\/04\/mini-768x655.jpg 768w, https:\/\/se.csbe.qc.ca\/mathprimaire\/files\/2021\/04\/mini-750x640.jpg 750w, https:\/\/se.csbe.qc.ca\/mathprimaire\/files\/2021\/04\/mini.jpg 946w\" sizes=\"auto, (max-width: 87px) 100vw, 87px\" \/>Sur le site du minist\u00e8re : webinaire et documents d&rsquo;accompagnement.<\/a><\/p>\n<p><br \/><img loading=\"lazy\" decoding=\"async\" class=\"wp-image-1642 alignleft\" src=\"https:\/\/se.csbe.qc.ca\/mathprimaire\/files\/2021\/04\/add-234x300.jpg\" alt=\"\" width=\"81\" height=\"104\" srcset=\"https:\/\/se.csbe.qc.ca\/mathprimaire\/files\/2021\/04\/add-234x300.jpg 234w, https:\/\/se.csbe.qc.ca\/mathprimaire\/files\/2021\/04\/add.jpg 612w\" sizes=\"auto, (max-width: 81px) 100vw, 81px\" \/><\/p>\n<p>\u00a0<\/p>\n<p><a href=\"http:\/\/www.education.gouv.qc.ca\/fileadmin\/site_web\/documents\/education\/jeunes\/pfeq\/sens-operations-accompagnement.PDF\">La math\u00e9matique au primaire:\u00a0 exploitation des diff\u00e9rents sens de l&rsquo;addition,\u00a0de la soustraction, de la multiplication et de la division. M\u00c9Q.<\/a><\/p>\n<p>\u00a0<\/p>\n<p><a href=\"https:\/\/se.csbe.qc.ca\/mathprimaire\/files\/2021\/04\/structures-additives_PDA_lignes.pdf\"><img loading=\"lazy\" decoding=\"async\" class=\"wp-image-1637 alignnone\" src=\"https:\/\/se.csbe.qc.ca\/mathprimaire\/files\/2021\/04\/structures-229x300.jpg\" alt=\"\" width=\"84\" height=\"110\" srcset=\"https:\/\/se.csbe.qc.ca\/mathprimaire\/files\/2021\/04\/structures-229x300.jpg 229w, https:\/\/se.csbe.qc.ca\/mathprimaire\/files\/2021\/04\/structures.jpg 646w\" sizes=\"auto, (max-width: 84px) 100vw, 84px\" \/> Repr\u00e9sentations des diff\u00e9rentes structures additives (mod\u00e8le A. Savard)<\/a><\/p>\n<!-- WP Attachments -->\r\n        <div style=\"width:100%;margin:10px 0 10px 0;\">\r\n            <h3>Documents joints<\/h3>\r\n        <ul class=\"post-attachments\"><li class=\"post-attachment mime-application-pdf\"><a href=\"https:\/\/se.csbe.qc.ca\/mathprimaire\/files\/2021\/04\/structures-additives_PDA_lignes.pdf\">Repr\u00e9sentations des diff\u00e9rentes structures additives (mod\u00e8le A. Savard)<\/a> <small>(732 kB)<\/small><\/li><\/ul><\/div><\/div>","protected":false},"excerpt":{"rendered":"<div class=\"page-restrict-output\"><p>Un probl\u00e8me de bonne journ\u00e9e, 80 situations pour travailler le sens des op\u00e9rations. PDF\u00a0 \u00a0Word \u00a0 \u00a0 Le pi\u00e8ge des mots cl\u00e9s-cl\u00e9s Les chercheurs et les sp\u00e9cialistes en didactique des math\u00e9matiques \u00e9mettent depuis longtemps des mises en garde contre la m\u00e9thode consistant \u00e0 attirer l\u2019attention des \u00e9l\u00e8ves sur certains mots-cl\u00e9s (de plus, de moins, somme, &hellip; <\/p>\n<p><a class=\"more-link btn\" href=\"https:\/\/se.csbe.qc.ca\/mathprimaire\/2021\/04\/13\/exploitation-des-differents-sens-des-operations-structures-additives-et-multiplicatives\/\">Lire la suite<\/a><\/p>\n<\/div>","protected":false},"author":156,"featured_media":0,"comment_status":"closed","ping_status":"closed","sticky":false,"template":"","format":"standard","meta":{"footnotes":""},"categories":[10,11,1],"tags":[],"class_list":["post-1631","post","type-post","status-publish","format-standard","hentry","category-concepts","category-developper-la-pensee-mathematique","category-non-classe","item-wrap"],"_links":{"self":[{"href":"https:\/\/se.csbe.qc.ca\/mathprimaire\/wp-json\/wp\/v2\/posts\/1631","targetHints":{"allow":["GET"]}}],"collection":[{"href":"https:\/\/se.csbe.qc.ca\/mathprimaire\/wp-json\/wp\/v2\/posts"}],"about":[{"href":"https:\/\/se.csbe.qc.ca\/mathprimaire\/wp-json\/wp\/v2\/types\/post"}],"author":[{"embeddable":true,"href":"https:\/\/se.csbe.qc.ca\/mathprimaire\/wp-json\/wp\/v2\/users\/156"}],"replies":[{"embeddable":true,"href":"https:\/\/se.csbe.qc.ca\/mathprimaire\/wp-json\/wp\/v2\/comments?post=1631"}],"version-history":[{"count":20,"href":"https:\/\/se.csbe.qc.ca\/mathprimaire\/wp-json\/wp\/v2\/posts\/1631\/revisions"}],"predecessor-version":[{"id":2160,"href":"https:\/\/se.csbe.qc.ca\/mathprimaire\/wp-json\/wp\/v2\/posts\/1631\/revisions\/2160"}],"wp:attachment":[{"href":"https:\/\/se.csbe.qc.ca\/mathprimaire\/wp-json\/wp\/v2\/media?parent=1631"}],"wp:term":[{"taxonomy":"category","embeddable":true,"href":"https:\/\/se.csbe.qc.ca\/mathprimaire\/wp-json\/wp\/v2\/categories?post=1631"},{"taxonomy":"post_tag","embeddable":true,"href":"https:\/\/se.csbe.qc.ca\/mathprimaire\/wp-json\/wp\/v2\/tags?post=1631"}],"curies":[{"name":"wp","href":"https:\/\/api.w.org\/{rel}","templated":true}]}}