{"id":1541,"date":"2021-03-17T10:29:26","date_gmt":"2021-03-17T14:29:26","guid":{"rendered":"https:\/\/se.csbe.qc.ca\/mathprimaire\/?p=1541"},"modified":"2021-03-17T13:09:01","modified_gmt":"2021-03-17T17:09:01","slug":"resolution-de-problemes-en-mathematiques-un-outil-pour-enseigner-et-un-objet-dapprentissage","status":"publish","type":"post","link":"https:\/\/se.csbe.qc.ca\/mathprimaire\/2021\/03\/17\/resolution-de-problemes-en-mathematiques-un-outil-pour-enseigner-et-un-objet-dapprentissage\/","title":{"rendered":"R\u00e9solution de probl\u00e8mes en math\u00e9matiques : un outil pour enseigner et un objet d\u2019apprentissage"},"content":{"rendered":"<div class=\"page-restrict-output\">\n<p class=\"nova-e-text nova-e-text--size-xl nova-e-text--family-sans-serif nova-e-text--spacing-none nova-e-text--color-grey-900 research-detail-header-section__title\"><img loading=\"lazy\" decoding=\"async\" class=\"alignnone size-medium wp-image-1543\" src=\"https:\/\/se.csbe.qc.ca\/mathprimaire\/files\/2021\/03\/acelf-300x89.jpg\" alt=\"\" width=\"300\" height=\"89\" srcset=\"https:\/\/se.csbe.qc.ca\/mathprimaire\/files\/2021\/03\/acelf-300x89.jpg 300w, https:\/\/se.csbe.qc.ca\/mathprimaire\/files\/2021\/03\/acelf-768x228.jpg 768w, https:\/\/se.csbe.qc.ca\/mathprimaire\/files\/2021\/03\/acelf-750x223.jpg 750w, https:\/\/se.csbe.qc.ca\/mathprimaire\/files\/2021\/03\/acelf.jpg 814w\" sizes=\"auto, (max-width: 300px) 100vw, 300px\" \/><\/p>\n<p class=\"nova-e-text nova-e-text--size-xl nova-e-text--family-sans-serif nova-e-text--spacing-none nova-e-text--color-grey-900 research-detail-header-section__title\">Des articles traitant de la r\u00e9solution de situations-probl\u00e8mes parus dans la revue\u00a0 ACELF (2014) sign\u00e9s par plusieurs chercheurs de nos universit\u00e9s qu\u00e9b\u00e9coises, dont Annie Savard.\u00a0<\/p>\n<p><img loading=\"lazy\" decoding=\"async\" class=\"alignnone  wp-image-1390\" src=\"https:\/\/se.csbe.qc.ca\/mathprimaire\/files\/2021\/02\/www-300x300.png\" alt=\"\" width=\"137\" height=\"137\" srcset=\"https:\/\/se.csbe.qc.ca\/mathprimaire\/files\/2021\/02\/www-300x300.png 300w, https:\/\/se.csbe.qc.ca\/mathprimaire\/files\/2021\/02\/www-1024x1024.png 1024w, https:\/\/se.csbe.qc.ca\/mathprimaire\/files\/2021\/02\/www-150x150.png 150w, https:\/\/se.csbe.qc.ca\/mathprimaire\/files\/2021\/02\/www-768x768.png 768w, https:\/\/se.csbe.qc.ca\/mathprimaire\/files\/2021\/02\/www-750x750.png 750w, https:\/\/se.csbe.qc.ca\/mathprimaire\/files\/2021\/02\/www.png 1200w\" sizes=\"auto, (max-width: 137px) 100vw, 137px\" \/>\u00c0 lire <a href=\"https:\/\/www.researchgate.net\/publication\/282979177_Resolution_de_problemes_en_mathematiques_un_outil_pour_enseigner_et_un_objet_d'apprentissage\">ICI<\/a>.\u00a0<\/p>\n<\/div>","protected":false},"excerpt":{"rendered":"<div class=\"page-restrict-output\"><p>Des articles traitant de la r\u00e9solution de situations-probl\u00e8mes parus dans la revue\u00a0 ACELF (2014) sign\u00e9s par plusieurs chercheurs de nos universit\u00e9s qu\u00e9b\u00e9coises, dont Annie Savard.\u00a0 \u00c0 lire ICI.\u00a0<\/p>\n<\/div>","protected":false},"author":156,"featured_media":0,"comment_status":"closed","ping_status":"closed","sticky":false,"template":"","format":"standard","meta":{"footnotes":""},"categories":[9],"tags":[],"class_list":["post-1541","post","type-post","status-publish","format-standard","hentry","category-competences","item-wrap"],"_links":{"self":[{"href":"https:\/\/se.csbe.qc.ca\/mathprimaire\/wp-json\/wp\/v2\/posts\/1541","targetHints":{"allow":["GET"]}}],"collection":[{"href":"https:\/\/se.csbe.qc.ca\/mathprimaire\/wp-json\/wp\/v2\/posts"}],"about":[{"href":"https:\/\/se.csbe.qc.ca\/mathprimaire\/wp-json\/wp\/v2\/types\/post"}],"author":[{"embeddable":true,"href":"https:\/\/se.csbe.qc.ca\/mathprimaire\/wp-json\/wp\/v2\/users\/156"}],"replies":[{"embeddable":true,"href":"https:\/\/se.csbe.qc.ca\/mathprimaire\/wp-json\/wp\/v2\/comments?post=1541"}],"version-history":[{"count":3,"href":"https:\/\/se.csbe.qc.ca\/mathprimaire\/wp-json\/wp\/v2\/posts\/1541\/revisions"}],"predecessor-version":[{"id":1547,"href":"https:\/\/se.csbe.qc.ca\/mathprimaire\/wp-json\/wp\/v2\/posts\/1541\/revisions\/1547"}],"wp:attachment":[{"href":"https:\/\/se.csbe.qc.ca\/mathprimaire\/wp-json\/wp\/v2\/media?parent=1541"}],"wp:term":[{"taxonomy":"category","embeddable":true,"href":"https:\/\/se.csbe.qc.ca\/mathprimaire\/wp-json\/wp\/v2\/categories?post=1541"},{"taxonomy":"post_tag","embeddable":true,"href":"https:\/\/se.csbe.qc.ca\/mathprimaire\/wp-json\/wp\/v2\/tags?post=1541"}],"curies":[{"name":"wp","href":"https:\/\/api.w.org\/{rel}","templated":true}]}}