{"id":952,"date":"2013-02-26T14:56:20","date_gmt":"2013-02-26T19:56:20","guid":{"rendered":"https:\/\/se.csbe.qc.ca\/etienne\/?p=952"},"modified":"2013-02-26T14:56:20","modified_gmt":"2013-02-26T19:56:20","slug":"un-portrait-des-jeunes-quebecois-qui-finissent-le-secondaire","status":"publish","type":"post","link":"https:\/\/se.csbe.qc.ca\/etienne\/2013\/02\/26\/un-portrait-des-jeunes-quebecois-qui-finissent-le-secondaire\/","title":{"rendered":"Un portrait des jeunes qu\u00e9b\u00e9cois qui finissent le secondaire"},"content":{"rendered":"<div class=\"page-restrict-output\"><p><img loading=\"lazy\" decoding=\"async\" class=\"alignleft\" alt=\"\" src=\"http:\/\/www.infobourg.com\/wp-content\/uploads\/2013\/02\/graduation.png\" width=\"90\" height=\"90\" \/>\u00c0 la veille du Sommet sur l\u2019enseignement sup\u00e9rieur, la F\u00e9d\u00e9ration des \u00e9tablissements d\u2019enseignement priv\u00e9s (F\u00c9EP) partage certaines conclusions d\u2019une enqu\u00eate qu\u2019elle a men\u00e9e pour identifier ad\u00e9quatement les besoins de ces jeunes qui se dirigent vers les c\u00e9geps et les universit\u00e9s qu\u00e9b\u00e9coises.<\/p>\n<p>C&rsquo;est <a href=\"http:\/\/www.infobourg.com\/2013\/02\/25\/un-portrait-des-jeunes-quebecois-qui-finissent-le-secondaire\/?utm_source=twitterfeed&amp;utm_medium=facebook&amp;utm_campaign=Infobourg\" target=\"_blank\">ici<\/a>, sur l&rsquo;infobourg<\/p>\n<\/div><div class=\"al2fb_like_button\"><div id=\"fb-root\"><\/div><script type=\"text\/javascript\">\n(function(d, s, id) {\n  var js, fjs = d.getElementsByTagName(s)[0];\n  if (d.getElementById(id)) return;\n  js = d.createElement(s); js.id = id;\n  js.src = \"\/\/connect.facebook.net\/fr_FR\/all.js#xfbml=1&appId=148229171995028\";\n  fjs.parentNode.insertBefore(js, fjs);\n}(document, \"script\", \"facebook-jssdk\"));\n<\/script>\n<fb:like href=\"https:\/\/se.csbe.qc.ca\/etienne\/2013\/02\/26\/un-portrait-des-jeunes-quebecois-qui-finissent-le-secondaire\/\" layout=\"button_count\" show_faces=\"true\" share=\"false\" width=\"450\" action=\"like\" font=\"tahoma\" colorscheme=\"light\" ref=\"AL2FB\"><\/fb:like><\/div>","protected":false},"excerpt":{"rendered":"<div class=\"page-restrict-output\"><p>\u00c0 la veille du Sommet sur l\u2019enseignement sup\u00e9rieur, la F\u00e9d\u00e9ration des \u00e9tablissements d\u2019enseignement priv\u00e9s (F\u00c9EP) partage certaines conclusions d\u2019une enqu\u00eate qu\u2019elle a men\u00e9e pour identifier ad\u00e9quatement les besoins de ces jeunes qui se dirigent vers les c\u00e9geps et les universit\u00e9s qu\u00e9b\u00e9coises. C&rsquo;est ici, sur l&rsquo;infobourg<\/p>\n<\/div>","protected":false},"author":3,"featured_media":0,"comment_status":"open","ping_status":"open","sticky":false,"template":"","format":"standard","meta":{"footnotes":""},"categories":[6],"tags":[182],"coauthors":[],"class_list":["post-952","post","type-post","status-publish","format-standard","hentry","category-brbev","tag-etude","item-wrap"],"_links":{"self":[{"href":"https:\/\/se.csbe.qc.ca\/etienne\/wp-json\/wp\/v2\/posts\/952","targetHints":{"allow":["GET"]}}],"collection":[{"href":"https:\/\/se.csbe.qc.ca\/etienne\/wp-json\/wp\/v2\/posts"}],"about":[{"href":"https:\/\/se.csbe.qc.ca\/etienne\/wp-json\/wp\/v2\/types\/post"}],"author":[{"embeddable":true,"href":"https:\/\/se.csbe.qc.ca\/etienne\/wp-json\/wp\/v2\/users\/3"}],"replies":[{"embeddable":true,"href":"https:\/\/se.csbe.qc.ca\/etienne\/wp-json\/wp\/v2\/comments?post=952"}],"version-history":[{"count":2,"href":"https:\/\/se.csbe.qc.ca\/etienne\/wp-json\/wp\/v2\/posts\/952\/revisions"}],"predecessor-version":[{"id":954,"href":"https:\/\/se.csbe.qc.ca\/etienne\/wp-json\/wp\/v2\/posts\/952\/revisions\/954"}],"wp:attachment":[{"href":"https:\/\/se.csbe.qc.ca\/etienne\/wp-json\/wp\/v2\/media?parent=952"}],"wp:term":[{"taxonomy":"category","embeddable":true,"href":"https:\/\/se.csbe.qc.ca\/etienne\/wp-json\/wp\/v2\/categories?post=952"},{"taxonomy":"post_tag","embeddable":true,"href":"https:\/\/se.csbe.qc.ca\/etienne\/wp-json\/wp\/v2\/tags?post=952"},{"taxonomy":"author","embeddable":true,"href":"https:\/\/se.csbe.qc.ca\/etienne\/wp-json\/wp\/v2\/coauthors?post=952"}],"curies":[{"name":"wp","href":"https:\/\/api.w.org\/{rel}","templated":true}]}}