{"id":987,"date":"2020-04-07T10:35:57","date_gmt":"2020-04-07T12:35:57","guid":{"rendered":"https:\/\/se.csbe.qc.ca\/biblio\/?p=987"},"modified":"2020-10-30T11:08:24","modified_gmt":"2020-10-30T13:08:24","slug":"coups-de-coeur-des-enseignantes-partage-lors-du-bivouac-litteratie-numeratie-2019-20","status":"publish","type":"post","link":"https:\/\/se.csbe.qc.ca\/biblio\/2020\/04\/07\/coups-de-coeur-des-enseignantes-partage-lors-du-bivouac-litteratie-numeratie-2019-20\/","title":{"rendered":"Coups de c\u0153ur des enseignantes partag\u00e9 lors du Bivouac litt\u00e9ratie num\u00e9ratie 2019-20."},"content":{"rendered":"<div class=\"page-restrict-output\">\n<p>Encore plus que jamais, nous avons envie de nous rem\u00e9morer les beaux moments de partage de 2019-20. Ainsi, c&rsquo;est avec plaisir que l&rsquo;\u00e9quipe du Bivouac litt\u00e9ratie et num\u00e9ratie vous pr\u00e9sente les coups de c\u0153ur des participantes. Il s\u2019agit de la version textuelle des coups de c\u0153ur enregistr\u00e9s par Caroline Jett\u00e9 le 24 janvier 2020. Des coups de c\u0153ur d\u00e9licieux comme des un guim-o-choco <a href=\"https:\/\/csbe5.sharepoint.com\/:b:\/t\/se\/EZupOi_d4ylLuV-sxLKS0vwBxqq1AdwV1kmUGOlte6pxzg\">ici<\/a>.\u00a0<\/p>\n<p><em>Isabelle Archambault, France Jacques, <\/em><\/p>\n<p><em>Caroline Jett\u00e9, Johanne Morin et Pauline Paquet.<\/em><\/p>\n\n\n\n<figure class=\"wp-block-image size-large\"><a href=\"https:\/\/csbe5.sharepoint.com\/:b:\/t\/se\/EZupOi_d4ylLuV-sxLKS0vwBxqq1AdwV1kmUGOlte6pxzg?e=6iUdUh\"><img loading=\"lazy\" decoding=\"async\" width=\"721\" height=\"934\" src=\"https:\/\/se.csbe.qc.ca\/biblio\/files\/2020\/04\/coups-coeur.jpg\" alt=\"\" class=\"wp-image-988\" srcset=\"https:\/\/se.csbe.qc.ca\/biblio\/files\/2020\/04\/coups-coeur.jpg 721w, https:\/\/se.csbe.qc.ca\/biblio\/files\/2020\/04\/coups-coeur-232x300.jpg 232w\" sizes=\"auto, (max-width: 721px) 100vw, 721px\" \/><\/a><\/figure>\n<\/div>","protected":false},"excerpt":{"rendered":"<div class=\"page-restrict-output\"><p>Encore plus que jamais, nous avons envie de nous rem\u00e9morer les beaux moments de partage de 2019-20. Ainsi, c&rsquo;est avec plaisir que l&rsquo;\u00e9quipe du Bivouac litt\u00e9ratie et num\u00e9ratie vous pr\u00e9sente les coups de c\u0153ur des participantes. Il s\u2019agit de la version textuelle des coups de c\u0153ur enregistr\u00e9s par Caroline Jett\u00e9 le 24 janvier 2020. Des [&hellip;]<\/p>\n<\/div>","protected":false},"author":426,"featured_media":0,"comment_status":"closed","ping_status":"closed","sticky":false,"template":"","format":"standard","meta":{"footnotes":""},"categories":[35,20],"tags":[74,156,75],"class_list":["post-987","post","type-post","status-publish","format-standard","hentry","category-bibliographies-thematiques","category-primaire","tag-album","tag-bivouac","tag-documentaire"],"_links":{"self":[{"href":"https:\/\/se.csbe.qc.ca\/biblio\/wp-json\/wp\/v2\/posts\/987","targetHints":{"allow":["GET"]}}],"collection":[{"href":"https:\/\/se.csbe.qc.ca\/biblio\/wp-json\/wp\/v2\/posts"}],"about":[{"href":"https:\/\/se.csbe.qc.ca\/biblio\/wp-json\/wp\/v2\/types\/post"}],"author":[{"embeddable":true,"href":"https:\/\/se.csbe.qc.ca\/biblio\/wp-json\/wp\/v2\/users\/426"}],"replies":[{"embeddable":true,"href":"https:\/\/se.csbe.qc.ca\/biblio\/wp-json\/wp\/v2\/comments?post=987"}],"version-history":[{"count":3,"href":"https:\/\/se.csbe.qc.ca\/biblio\/wp-json\/wp\/v2\/posts\/987\/revisions"}],"predecessor-version":[{"id":992,"href":"https:\/\/se.csbe.qc.ca\/biblio\/wp-json\/wp\/v2\/posts\/987\/revisions\/992"}],"wp:attachment":[{"href":"https:\/\/se.csbe.qc.ca\/biblio\/wp-json\/wp\/v2\/media?parent=987"}],"wp:term":[{"taxonomy":"category","embeddable":true,"href":"https:\/\/se.csbe.qc.ca\/biblio\/wp-json\/wp\/v2\/categories?post=987"},{"taxonomy":"post_tag","embeddable":true,"href":"https:\/\/se.csbe.qc.ca\/biblio\/wp-json\/wp\/v2\/tags?post=987"}],"curies":[{"name":"wp","href":"https:\/\/api.w.org\/{rel}","templated":true}]}}