{"id":600,"date":"2015-02-02T08:03:27","date_gmt":"2015-02-02T10:03:27","guid":{"rendered":"https:\/\/se.csbe.qc.ca\/biblio\/?p=600"},"modified":"2015-02-02T17:19:19","modified_gmt":"2015-02-02T19:19:19","slug":"prix-sorcieres-2015","status":"publish","type":"post","link":"https:\/\/se.csbe.qc.ca\/biblio\/2015\/02\/02\/prix-sorcieres-2015\/","title":{"rendered":"Prix Sorci\u00e8res 2015"},"content":{"rendered":"<div class=\"page-restrict-output\"><p>Voici les laur\u00e9at des prix Sorci\u00e8res 2015 d\u00e9cern\u00e9s par l&rsquo;Association des librairies sp\u00e9cialis\u00e9es jeunesse (ASLJ) et l&rsquo;Association des biblioth\u00e9caires de France (ABF).<\/p>\n<p>&nbsp;<\/p>\n<p><strong>Cat\u00e9gorie : Tout petits<\/strong><\/p>\n<p><strong><a href=\"https:\/\/se.csbe.qc.ca\/biblio\/files\/2015\/02\/Petit_curieux-gf.jpg\"><img loading=\"lazy\" decoding=\"async\" class=\"alignleft size-thumbnail wp-image-601\" src=\"https:\/\/se.csbe.qc.ca\/biblio\/files\/2015\/02\/Petit_curieux-gf-150x150.jpg\" alt=\"Petit_curieux-gf\" width=\"150\" height=\"150\" \/><\/a>\u00a0<\/strong><\/p>\n<p><em><strong>\u00a0Le petit curieux<\/strong><\/em>, d&rsquo;\u00c9douard Manceau\u00a0(Milan)<\/p>\n<p>&nbsp;<\/p>\n<p>&nbsp;<\/p>\n<p>&nbsp;<\/p>\n<p>&nbsp;<\/p>\n<p>&nbsp;<\/p>\n<p><strong>\u00a0Cat\u00e9gorie : Albums<\/strong><\/p>\n<p><em><strong><a href=\"https:\/\/se.csbe.qc.ca\/biblio\/files\/2015\/02\/Chien_Nino-gf.jpg\"><img loading=\"lazy\" decoding=\"async\" class=\"alignleft size-thumbnail wp-image-602\" src=\"https:\/\/se.csbe.qc.ca\/biblio\/files\/2015\/02\/Chien_Nino-gf-150x150.jpg\" alt=\"Chien_Nino-gf\" width=\"150\" height=\"150\" \/><\/a>\u00a0Le chien que Nino n&rsquo;avait pas<\/strong><\/em>, d&rsquo;Edward van de Vendel,\u00a0\u00a0 illustr\u00e9 par Anton van Hertbruggen\u00a0\u00a0(Didier)<\/p>\n<p>&nbsp;<\/p>\n<p>&nbsp;<\/p>\n<p>&nbsp;<\/p>\n<p>&nbsp;<\/p>\n<p>&nbsp;<\/p>\n<p><strong>Cat\u00e9gorie : Premi\u00e8res lectures<\/strong><\/p>\n<p><em><strong><a href=\"https:\/\/se.csbe.qc.ca\/biblio\/files\/2015\/02\/Meilleur_livre_vache-gf.jpg\"><img loading=\"lazy\" decoding=\"async\" class=\"alignleft size-thumbnail wp-image-603\" src=\"https:\/\/se.csbe.qc.ca\/biblio\/files\/2015\/02\/Meilleur_livre_vache-gf-150x150.jpg\" alt=\"Meilleur_livre_vache-gf\" width=\"150\" height=\"150\" \/><\/a>\u00a0Le meilleur livre pour apprendre \u00e0 dessiner une vache<\/strong><\/em>,\u00a0 d&rsquo;H\u00e9l\u00e8ne Rice, illustr\u00e9 par Ronan Badel\u00a0(Thierry Magnier)<\/p>\n<p>&nbsp;<\/p>\n<p>&nbsp;<\/p>\n<p>&nbsp;<\/p>\n<p>&nbsp;<\/p>\n<p>&nbsp;<\/p>\n<p><strong>Cat\u00e9gorie : Romans juniors<\/strong><\/p>\n<p><strong><em><a href=\"https:\/\/se.csbe.qc.ca\/biblio\/files\/2015\/02\/Ciel_nous-f.jpg\"><img loading=\"lazy\" decoding=\"async\" class=\"alignleft size-thumbnail wp-image-604\" src=\"https:\/\/se.csbe.qc.ca\/biblio\/files\/2015\/02\/Ciel_nous-f-110x150.jpg\" alt=\"Ciel_nous-f\" width=\"110\" height=\"150\" \/><\/a>\u00a0Le ciel nous appartient<\/em><\/strong>, de Katherine Rundell (Les grandes personnes)<\/p>\n<p>&nbsp;<\/p>\n<p>&nbsp;<\/p>\n<p>&nbsp;<\/p>\n<p>&nbsp;<\/p>\n<p>&nbsp;<\/p>\n<p>&nbsp;<\/p>\n<p><strong>Cat\u00e9gorie : Romans Ados<\/strong><\/p>\n<p><strong><em><a href=\"https:\/\/se.csbe.qc.ca\/biblio\/files\/2015\/02\/Passage_diable.jpg\"><img loading=\"lazy\" decoding=\"async\" class=\"alignleft size-thumbnail wp-image-605\" src=\"https:\/\/se.csbe.qc.ca\/biblio\/files\/2015\/02\/Passage_diable-150x150.jpg\" alt=\"Passage_diable\" width=\"150\" height=\"150\" \/><\/a>\u00a0Le passage du diable<\/em><\/strong>, d&rsquo;Anne Fine (L&rsquo;\u00e9cole des loisirs)<\/p>\n<p>&nbsp;<\/p>\n<p>&nbsp;<\/p>\n<p>&nbsp;<\/p>\n<p>&nbsp;<\/p>\n<p>&nbsp;<\/p>\n<p>&nbsp;<\/p>\n<p><strong>C<\/strong><strong>at\u00e9gorie : Documentaires<\/strong><\/p>\n<p><strong><em><a href=\"https:\/\/se.csbe.qc.ca\/biblio\/files\/2015\/02\/Nous-notre-histoire.jpg\"><img loading=\"lazy\" decoding=\"async\" class=\"alignleft size-full wp-image-606\" src=\"https:\/\/se.csbe.qc.ca\/biblio\/files\/2015\/02\/Nous-notre-histoire.jpg\" alt=\"Nous-notre-histoire\" width=\"109\" height=\"111\" \/><\/a>\u00a0Nous, notre histoire<\/em><\/strong>, d&rsquo;Yvan Pommaux (L&rsquo;\u00e9cole des loisirs)<\/p>\n<p>&nbsp;<\/p>\n<p>&nbsp;<\/p>\n<p>&nbsp;<\/p>\n<p>&nbsp;<\/p>\n<p>&nbsp;<\/p>\n<p>&nbsp;<\/p>\n<p>&nbsp;<\/p>\n<p>&nbsp;<\/p>\n<\/div>","protected":false},"excerpt":{"rendered":"<div class=\"page-restrict-output\"><p>Voici les laur\u00e9at des prix Sorci\u00e8res 2015 d\u00e9cern\u00e9s par l&rsquo;Association des librairies sp\u00e9cialis\u00e9es jeunesse (ASLJ) et l&rsquo;Association des biblioth\u00e9caires de France (ABF). &nbsp; Cat\u00e9gorie : Tout petits \u00a0 \u00a0Le petit curieux, d&rsquo;\u00c9douard Manceau\u00a0(Milan) &nbsp; &nbsp; &nbsp; &nbsp; &nbsp; \u00a0Cat\u00e9gorie : Albums \u00a0Le chien que Nino n&rsquo;avait pas, d&rsquo;Edward van de Vendel,\u00a0\u00a0 illustr\u00e9 par Anton van [&hellip;]<\/p>\n<\/div>","protected":false},"author":426,"featured_media":0,"comment_status":"closed","ping_status":"closed","sticky":false,"template":"","format":"standard","meta":{"footnotes":""},"categories":[46],"tags":[60,125,57,126],"class_list":["post-600","post","type-post","status-publish","format-standard","hentry","category-prix-internationaux","tag-france","tag-primaire","tag-prix-litteraire","tag-secondaire"],"_links":{"self":[{"href":"https:\/\/se.csbe.qc.ca\/biblio\/wp-json\/wp\/v2\/posts\/600","targetHints":{"allow":["GET"]}}],"collection":[{"href":"https:\/\/se.csbe.qc.ca\/biblio\/wp-json\/wp\/v2\/posts"}],"about":[{"href":"https:\/\/se.csbe.qc.ca\/biblio\/wp-json\/wp\/v2\/types\/post"}],"author":[{"embeddable":true,"href":"https:\/\/se.csbe.qc.ca\/biblio\/wp-json\/wp\/v2\/users\/426"}],"replies":[{"embeddable":true,"href":"https:\/\/se.csbe.qc.ca\/biblio\/wp-json\/wp\/v2\/comments?post=600"}],"version-history":[{"count":4,"href":"https:\/\/se.csbe.qc.ca\/biblio\/wp-json\/wp\/v2\/posts\/600\/revisions"}],"predecessor-version":[{"id":610,"href":"https:\/\/se.csbe.qc.ca\/biblio\/wp-json\/wp\/v2\/posts\/600\/revisions\/610"}],"wp:attachment":[{"href":"https:\/\/se.csbe.qc.ca\/biblio\/wp-json\/wp\/v2\/media?parent=600"}],"wp:term":[{"taxonomy":"category","embeddable":true,"href":"https:\/\/se.csbe.qc.ca\/biblio\/wp-json\/wp\/v2\/categories?post=600"},{"taxonomy":"post_tag","embeddable":true,"href":"https:\/\/se.csbe.qc.ca\/biblio\/wp-json\/wp\/v2\/tags?post=600"}],"curies":[{"name":"wp","href":"https:\/\/api.w.org\/{rel}","templated":true}]}}