{"id":46,"date":"2013-12-16T16:07:39","date_gmt":"2013-12-16T15:07:39","guid":{"rendered":"https:\/\/se.csbe.qc.ca\/adaptationscolaire\/?p=46"},"modified":"2013-12-16T16:17:21","modified_gmt":"2013-12-16T15:17:21","slug":"association-quebecoise-des-troubles-dapprentissage-du-quebec-2","status":"publish","type":"post","link":"https:\/\/se.csbe.qc.ca\/adaptationscolaire\/2013\/12\/16\/association-quebecoise-des-troubles-dapprentissage-du-quebec-2\/","title":{"rendered":"Association qu\u00e9b\u00e9coise des troubles d&rsquo;apprentissage du Qu\u00e9bec"},"content":{"rendered":"<div class=\"page-restrict-output\"><p>&nbsp;<\/p>\n<p>Voici le lien qui vous permettra d&rsquo;atteindre le <a href=\"http:\/\/aqeta.qc.ca\/\" target=\"_blank\">site de l&rsquo;Association<\/a>\u00a0 qu\u00e9b\u00e9coise des troubles d&rsquo;apprentissage du Qu\u00e9bec:<\/p>\n<p>&nbsp;<\/p>\n<p><a href=\"http:\/\/aqeta.qc.ca\/\" target=\"_blank\">http:\/\/aqeta.qc.ca\/<\/a><\/p>\n<p>&nbsp;<\/p>\n<p>&nbsp;<\/p>\n<p>&nbsp;<\/p>\n<\/div>","protected":false},"excerpt":{"rendered":"<div class=\"page-restrict-output\"><p>&nbsp; Voici le lien qui vous permettra d&rsquo;atteindre le site de l&rsquo;Association\u00a0 qu\u00e9b\u00e9coise des troubles d&rsquo;apprentissage du Qu\u00e9bec: &nbsp; http:\/\/aqeta.qc.ca\/ &nbsp; &nbsp; &nbsp;<\/p>\n<\/div>","protected":false},"author":84,"featured_media":0,"comment_status":"open","ping_status":"open","sticky":false,"template":"","format":"standard","meta":{"footnotes":""},"categories":[11],"tags":[],"class_list":["post-46","post","type-post","status-publish","format-standard","hentry","category-difficultes-et-troubles-dapprentissage","item-wrap"],"_links":{"self":[{"href":"https:\/\/se.csbe.qc.ca\/adaptationscolaire\/wp-json\/wp\/v2\/posts\/46","targetHints":{"allow":["GET"]}}],"collection":[{"href":"https:\/\/se.csbe.qc.ca\/adaptationscolaire\/wp-json\/wp\/v2\/posts"}],"about":[{"href":"https:\/\/se.csbe.qc.ca\/adaptationscolaire\/wp-json\/wp\/v2\/types\/post"}],"author":[{"embeddable":true,"href":"https:\/\/se.csbe.qc.ca\/adaptationscolaire\/wp-json\/wp\/v2\/users\/84"}],"replies":[{"embeddable":true,"href":"https:\/\/se.csbe.qc.ca\/adaptationscolaire\/wp-json\/wp\/v2\/comments?post=46"}],"version-history":[{"count":3,"href":"https:\/\/se.csbe.qc.ca\/adaptationscolaire\/wp-json\/wp\/v2\/posts\/46\/revisions"}],"predecessor-version":[{"id":75,"href":"https:\/\/se.csbe.qc.ca\/adaptationscolaire\/wp-json\/wp\/v2\/posts\/46\/revisions\/75"}],"wp:attachment":[{"href":"https:\/\/se.csbe.qc.ca\/adaptationscolaire\/wp-json\/wp\/v2\/media?parent=46"}],"wp:term":[{"taxonomy":"category","embeddable":true,"href":"https:\/\/se.csbe.qc.ca\/adaptationscolaire\/wp-json\/wp\/v2\/categories?post=46"},{"taxonomy":"post_tag","embeddable":true,"href":"https:\/\/se.csbe.qc.ca\/adaptationscolaire\/wp-json\/wp\/v2\/tags?post=46"}],"curies":[{"name":"wp","href":"https:\/\/api.w.org\/{rel}","templated":true}]}}